{"id":65119,"date":"2025-07-15T16:38:45","date_gmt":"2025-07-15T16:38:45","guid":{"rendered":"https:\/\/lahora.mx\/?p=65119"},"modified":"2025-07-15T16:38:46","modified_gmt":"2025-07-15T16:38:46","slug":"gobierno-de-la-ciudad-informa-pronostico-del-clima-y-medidas-de-proteccion","status":"publish","type":"post","link":"https:\/\/lahora.mx\/index.php\/2025\/07\/15\/gobierno-de-la-ciudad-informa-pronostico-del-clima-y-medidas-de-proteccion\/","title":{"rendered":"Gobierno de la Ciudad informa pron\u00f3stico del clima y medidas de protecci\u00f3n"},"content":{"rendered":"\n<p>El Gobierno de la Ciudad, en coordinaci\u00f3n entre los tres \u00f3rdenes de gobierno, trabaja de manera conjunta para brindar a la ciudadan\u00eda informaci\u00f3n actualizada y confiable sobre las condiciones meteorol\u00f3gicas.<\/p>\n\n\n\n<p>Este reporte es generado por el Departamento de Alertamento e Informaci\u00f3n de la Direcci\u00f3n de Gesti\u00f3n de Riesgos en materia de Protecci\u00f3n Civil, perteneciente a la Secretar\u00eda de Gesti\u00f3n y Desarrollo Urbano, como parte de las acciones preventivas y de protecci\u00f3n a la poblaci\u00f3n.<\/p>\n\n\n\n<p>Para este martes 15 de julio, se pronostica baja probabilidad de lluvia, con acumulaciones estimadas entre 0 y 5 mm.<\/p>\n\n\n\n<p>La temperatura m\u00e1xima ser\u00e1 de 23\u00b0C y la m\u00ednima de 15\u00b0C.<\/p>\n\n\n\n<p>Se alerta sobre un \u00edndice UV en nivel extremo, por lo que se recomienda evitar la exposici\u00f3n solar prolongada y utilizar protecci\u00f3n adecuada.<\/p>\n\n\n\n<p>La calidad del aire es buena, favorable para actividades al aire libre.<\/p>\n\n\n\n<p>Adem\u00e1s, el sem\u00e1foro volc\u00e1nico se mantiene en Amarillo Fase 2, lo que implica mantenerse atentos a la informaci\u00f3n oficial y seguir las recomendaciones de Protecci\u00f3n Civil.<\/p>\n","protected":false},"excerpt":{"rendered":"<p>El Gobierno de la Ciudad, en coordinaci\u00f3n entre los tres \u00f3rdenes de gobierno, trabaja de manera conjunta para brindar a la ciudadan\u00eda informaci\u00f3n actualizada y confiable sobre las condiciones meteorol\u00f3gicas. Este reporte es generado por el Departamento de Alertamento e Informaci\u00f3n de la Direcci\u00f3n de Gesti\u00f3n de Riesgos en materia de Protecci\u00f3n Civil, perteneciente a [&hellip;]<\/p>\n","protected":false},"author":4,"featured_media":65120,"comment_status":"open","ping_status":"open","sticky":false,"template":"","format":"standard","meta":{"om_disable_all_campaigns":false,"_monsterinsights_skip_tracking":false,"_monsterinsights_sitenote_active":false,"_monsterinsights_sitenote_note":"","_monsterinsights_sitenote_category":0,"footnotes":""},"categories":[175],"tags":[239,223],"class_list":["post-65119","post","type-post","status-publish","format-standard","has-post-thumbnail","hentry","category-local","tag-gobierno","tag-puebla"],"amp_enabled":true,"_links":{"self":[{"href":"https:\/\/lahora.mx\/index.php\/wp-json\/wp\/v2\/posts\/65119","targetHints":{"allow":["GET"]}}],"collection":[{"href":"https:\/\/lahora.mx\/index.php\/wp-json\/wp\/v2\/posts"}],"about":[{"href":"https:\/\/lahora.mx\/index.php\/wp-json\/wp\/v2\/types\/post"}],"author":[{"embeddable":true,"href":"https:\/\/lahora.mx\/index.php\/wp-json\/wp\/v2\/users\/4"}],"replies":[{"embeddable":true,"href":"https:\/\/lahora.mx\/index.php\/wp-json\/wp\/v2\/comments?post=65119"}],"version-history":[{"count":1,"href":"https:\/\/lahora.mx\/index.php\/wp-json\/wp\/v2\/posts\/65119\/revisions"}],"predecessor-version":[{"id":65121,"href":"https:\/\/lahora.mx\/index.php\/wp-json\/wp\/v2\/posts\/65119\/revisions\/65121"}],"wp:featuredmedia":[{"embeddable":true,"href":"https:\/\/lahora.mx\/index.php\/wp-json\/wp\/v2\/media\/65120"}],"wp:attachment":[{"href":"https:\/\/lahora.mx\/index.php\/wp-json\/wp\/v2\/media?parent=65119"}],"wp:term":[{"taxonomy":"category","embeddable":true,"href":"https:\/\/lahora.mx\/index.php\/wp-json\/wp\/v2\/categories?post=65119"},{"taxonomy":"post_tag","embeddable":true,"href":"https:\/\/lahora.mx\/index.php\/wp-json\/wp\/v2\/tags?post=65119"}],"curies":[{"name":"wp","href":"https:\/\/api.w.org\/{rel}","templated":true}]}}