{"id":65116,"date":"2025-07-15T16:09:35","date_gmt":"2025-07-15T16:09:35","guid":{"rendered":"https:\/\/lahora.mx\/?p=65116"},"modified":"2025-07-15T16:09:35","modified_gmt":"2025-07-15T16:09:35","slug":"detonaciones-de-arma-de-fuego-alarman-a-colonias-del-norte-de-atlixco","status":"publish","type":"post","link":"https:\/\/lahora.mx\/index.php\/2025\/07\/15\/detonaciones-de-arma-de-fuego-alarman-a-colonias-del-norte-de-atlixco\/","title":{"rendered":"Detonaciones de arma de fuego alarman a colonias del norte de Atlixco"},"content":{"rendered":"\n<p>La noche del lunes vecinos de las colonias Vista Hermosa, Atlixco 90 y El Cerril, ubicadas al norte de la mancha urbana, reportaron varias detonaciones de arma de fuego.<br><br>Seg\u00fan testigos la situaci\u00f3n mencionada gener\u00f3 casi de inmediata alarma y temor entre las familias de la zona altamente poblada.<\/p>\n\n\n\n<p>De acuerdo con versiones de los habitantes, las detonaciones se registraron tras una aparente ri\u00f1a entre habitantes quienes, seg\u00fan versiones extraoficiales, son se\u00f1alados por presuntamente consumir estupefacientes en la v\u00eda p\u00fablica de manera frecuente.<\/p>\n\n\n\n<p>Elementos de la polic\u00eda local acudieron al lugar de los hechos para intentar controlar la situaci\u00f3n. Sin embargo, al percatarse de la llegada de las autoridades los presuntos involucrados se ocultaron o huyeron para evitar su detenci\u00f3n.<\/p>\n\n\n\n<p>Hasta el momento no se confirman personas heridas. Al respecto la Secretar\u00eda de Seguridad P\u00fablica local confirmar\u00e1 vigilancia especial en la zona tras estos informes.<\/p>\n\n\n\n<p>Cabe se\u00f1alar, estas colonias fueron se\u00f1aladas desde a\u00f1os atr\u00e1s como puntos conflictivos relacionados con ri\u00f1as, aparente consumo y comercializaci\u00f3n de drogas y disturbios sociales.<\/p>\n","protected":false},"excerpt":{"rendered":"<p>La noche del lunes vecinos de las colonias Vista Hermosa, Atlixco 90 y El Cerril, ubicadas al norte de la mancha urbana, reportaron varias detonaciones de arma de fuego. Seg\u00fan testigos la situaci\u00f3n mencionada gener\u00f3 casi de inmediata alarma y temor entre las familias de la zona altamente poblada. De acuerdo con versiones de los [&hellip;]<\/p>\n","protected":false},"author":4,"featured_media":65117,"comment_status":"open","ping_status":"open","sticky":false,"template":"","format":"standard","meta":{"om_disable_all_campaigns":false,"_monsterinsights_skip_tracking":false,"_monsterinsights_sitenote_active":false,"_monsterinsights_sitenote_note":"","_monsterinsights_sitenote_category":0,"footnotes":""},"categories":[175,226],"tags":[223],"class_list":["post-65116","post","type-post","status-publish","format-standard","has-post-thumbnail","hentry","category-local","category-policia","tag-puebla"],"amp_enabled":true,"_links":{"self":[{"href":"https:\/\/lahora.mx\/index.php\/wp-json\/wp\/v2\/posts\/65116","targetHints":{"allow":["GET"]}}],"collection":[{"href":"https:\/\/lahora.mx\/index.php\/wp-json\/wp\/v2\/posts"}],"about":[{"href":"https:\/\/lahora.mx\/index.php\/wp-json\/wp\/v2\/types\/post"}],"author":[{"embeddable":true,"href":"https:\/\/lahora.mx\/index.php\/wp-json\/wp\/v2\/users\/4"}],"replies":[{"embeddable":true,"href":"https:\/\/lahora.mx\/index.php\/wp-json\/wp\/v2\/comments?post=65116"}],"version-history":[{"count":1,"href":"https:\/\/lahora.mx\/index.php\/wp-json\/wp\/v2\/posts\/65116\/revisions"}],"predecessor-version":[{"id":65118,"href":"https:\/\/lahora.mx\/index.php\/wp-json\/wp\/v2\/posts\/65116\/revisions\/65118"}],"wp:featuredmedia":[{"embeddable":true,"href":"https:\/\/lahora.mx\/index.php\/wp-json\/wp\/v2\/media\/65117"}],"wp:attachment":[{"href":"https:\/\/lahora.mx\/index.php\/wp-json\/wp\/v2\/media?parent=65116"}],"wp:term":[{"taxonomy":"category","embeddable":true,"href":"https:\/\/lahora.mx\/index.php\/wp-json\/wp\/v2\/categories?post=65116"},{"taxonomy":"post_tag","embeddable":true,"href":"https:\/\/lahora.mx\/index.php\/wp-json\/wp\/v2\/tags?post=65116"}],"curies":[{"name":"wp","href":"https:\/\/api.w.org\/{rel}","templated":true}]}}