{"id":65110,"date":"2025-07-15T14:27:17","date_gmt":"2025-07-15T14:27:17","guid":{"rendered":"https:\/\/lahora.mx\/?p=65110"},"modified":"2025-07-15T14:27:18","modified_gmt":"2025-07-15T14:27:18","slug":"gobierno-de-armenta-invertira-200-mdp-en-saneamiento-del-atoyac-conagua-aportara-el-analisis-tecnico","status":"publish","type":"post","link":"https:\/\/lahora.mx\/index.php\/2025\/07\/15\/gobierno-de-armenta-invertira-200-mdp-en-saneamiento-del-atoyac-conagua-aportara-el-analisis-tecnico\/","title":{"rendered":"Gobierno de Armenta invertir\u00e1 200 mdp en saneamiento del Atoyac, Conagua aportar\u00e1 el an\u00e1lisis t\u00e9cnico"},"content":{"rendered":"\n<p>El gobernador de Puebla, Alejandro Armenta, anunci\u00f3 que implementar\u00e1 un plan estrat\u00e9gico para la recuperaci\u00f3n del R\u00edo Atoyac, uno de los cuerpos de agua m\u00e1s contaminados del estado, debido a la alta descarga de desechos textiles e industriales.<\/p>\n\n\n\n<p>En entrevista, posterior a la colocaci\u00f3n de la primera piedra del Puente Vehicular \u2018La Panga\u2019 el mandatario estatal inform\u00f3 que este esfuerzo se realizar\u00e1 en coordinaci\u00f3n con la Comisi\u00f3n Nacional del Agua (CONAGUA), con quien se llevar\u00e1 a cabo un an\u00e1lisis t\u00e9cnico de los r\u00edos que atraviesan la entidad, a fin de establecer acciones concretas para su saneamiento.<\/p>\n\n\n\n<p>\u201cSe hace una revisi\u00f3n se va a utilizar tecnolog\u00eda de punta para las plantas de tratamiento, son reactores no es la planta de tratamiento tradicional\u2026 esa parte la est\u00e1 viendo CONAGUA directamente y est\u00e1n haciendo los estudios\u201d, explic\u00f3<\/p>\n\n\n\n<p>El titular del ejecutivo destac\u00f3 que este proyecto contempla una inversi\u00f3n estimada de 200 millones de pesos, que se destinar\u00e1n a acciones como el monitoreo de descargas, clausura de fuentes contaminantes ilegales, saneamiento de aguas residuales y reforestaci\u00f3n de m\u00e1rgenes, entre otras medidas integrales.<\/p>\n\n\n\n<p>Armenta puntualiz\u00f3 que esta iniciativa se alinea con la agenda ambiental de su gobierno, que busca proteger los recursos naturales del estado y garantizar un entorno sano para las futuras generaciones.<\/p>\n\n\n\n<p>Tambi\u00e9n hizo un llamado a los empresarios e industrias a sumarse con responsabilidad a los esfuerzos de conservaci\u00f3n y cumplimiento normativo.<\/p>\n\n\n\n<p>Con este plan, el gobierno de Puebla da un paso firme hacia la restauraci\u00f3n ecol\u00f3gica de sus r\u00edos, en particular del Atoyac, cuyo rescate ha sido una demanda hist\u00f3rica de ambientalistas, comunidades y expertos en salud p\u00fablica.<\/p>\n\n\n\n<p>Anuncia Alejandro Armenta mejora de carreteras en Tecali de Herrera y Tepeaca para impulsar turismo y econom\u00eda<br>En otro tema, el titular del ejecutivo Alejandro Armenta Mier, anunci\u00f3 que su administraci\u00f3n trabajar\u00e1 en la rehabilitaci\u00f3n y mejora de las carreteras que conectan a los municipios de Tecali de Herrera y Tepeaca, con el objetivo de mejorar la movilidad regional y detonar el desarrollo tur\u00edstico y econ\u00f3mico en la zona.<\/p>\n\n\n\n<p>En ese sentido, se\u00f1al\u00f3 que estas obras son parte de una estrategia integral para fortalecer la infraestructura carretera, facilitar el acceso a comunidades productivas y conectar con mayor eficiencia los corredores tur\u00edsticos del estado.<\/p>\n\n\n\n<p>Armenta Mier agreg\u00f3 que se buscar\u00e1 realizar los trabajos con materiales duraderos y de calidad, priorizando la seguridad vial y el desarrollo sostenible.<\/p>\n\n\n\n<p>Tambi\u00e9n destac\u00f3 que estos municipios tienen un alto potencial artesanal y comercial, por lo que contar con carreteras dignas es esencial para atraer visitantes e inversionistas.<\/p>\n\n\n\n<p>Con esta iniciativa, el gobierno estatal reafirma su compromiso con el crecimiento equilibrado de todas las regiones, apostando por obras que tengan un impacto directo en el bienestar y el dinamismo econ\u00f3mico de las comunidades.<\/p>\n","protected":false},"excerpt":{"rendered":"<p>El gobernador de Puebla, Alejandro Armenta, anunci\u00f3 que implementar\u00e1 un plan estrat\u00e9gico para la recuperaci\u00f3n del R\u00edo Atoyac, uno de los cuerpos de agua m\u00e1s contaminados del estado, debido a la alta descarga de desechos textiles e industriales. En entrevista, posterior a la colocaci\u00f3n de la primera piedra del Puente Vehicular \u2018La Panga\u2019 el mandatario [&hellip;]<\/p>\n","protected":false},"author":4,"featured_media":65111,"comment_status":"open","ping_status":"open","sticky":false,"template":"","format":"standard","meta":{"om_disable_all_campaigns":false,"_monsterinsights_skip_tracking":false,"_monsterinsights_sitenote_active":false,"_monsterinsights_sitenote_note":"","_monsterinsights_sitenote_category":0,"footnotes":""},"categories":[175],"tags":[239,195,223],"class_list":["post-65110","post","type-post","status-publish","format-standard","has-post-thumbnail","hentry","category-local","tag-gobierno","tag-principal","tag-puebla"],"amp_enabled":true,"_links":{"self":[{"href":"https:\/\/lahora.mx\/index.php\/wp-json\/wp\/v2\/posts\/65110","targetHints":{"allow":["GET"]}}],"collection":[{"href":"https:\/\/lahora.mx\/index.php\/wp-json\/wp\/v2\/posts"}],"about":[{"href":"https:\/\/lahora.mx\/index.php\/wp-json\/wp\/v2\/types\/post"}],"author":[{"embeddable":true,"href":"https:\/\/lahora.mx\/index.php\/wp-json\/wp\/v2\/users\/4"}],"replies":[{"embeddable":true,"href":"https:\/\/lahora.mx\/index.php\/wp-json\/wp\/v2\/comments?post=65110"}],"version-history":[{"count":1,"href":"https:\/\/lahora.mx\/index.php\/wp-json\/wp\/v2\/posts\/65110\/revisions"}],"predecessor-version":[{"id":65112,"href":"https:\/\/lahora.mx\/index.php\/wp-json\/wp\/v2\/posts\/65110\/revisions\/65112"}],"wp:featuredmedia":[{"embeddable":true,"href":"https:\/\/lahora.mx\/index.php\/wp-json\/wp\/v2\/media\/65111"}],"wp:attachment":[{"href":"https:\/\/lahora.mx\/index.php\/wp-json\/wp\/v2\/media?parent=65110"}],"wp:term":[{"taxonomy":"category","embeddable":true,"href":"https:\/\/lahora.mx\/index.php\/wp-json\/wp\/v2\/categories?post=65110"},{"taxonomy":"post_tag","embeddable":true,"href":"https:\/\/lahora.mx\/index.php\/wp-json\/wp\/v2\/tags?post=65110"}],"curies":[{"name":"wp","href":"https:\/\/api.w.org\/{rel}","templated":true}]}}