{"id":65100,"date":"2025-07-15T02:11:14","date_gmt":"2025-07-15T02:11:14","guid":{"rendered":"https:\/\/lahora.mx\/?p=65100"},"modified":"2025-07-15T02:11:15","modified_gmt":"2025-07-15T02:11:15","slug":"gobernador-de-puebla-reporta-baja-de-40-en-casos-de-feminicidios","status":"publish","type":"post","link":"https:\/\/lahora.mx\/index.php\/2025\/07\/15\/gobernador-de-puebla-reporta-baja-de-40-en-casos-de-feminicidios\/","title":{"rendered":"Gobernador de Puebla reporta baja de 40% en casos de feminicidios"},"content":{"rendered":"\n<p>Durante el primer semestre de 2025, se registr\u00f3 un descenso del 40 por ciento en los feminicidio en la entidad poblana respecto al mismo periodo del a\u00f1o pasado, inform\u00f3 el gobernador del estado, Alejandro Armenta Mier, quien reconoci\u00f3 la importancia de construir pol\u00edticas p\u00fablicas en contra de la violencia de g\u00e9nero.<\/p>\n\n\n\n<p>En conferencia de prensa, el mandatario estatal se\u00f1al\u00f3 que en la \u00faltima evaluaci\u00f3n realizada por la Secretar\u00eda de las Mujeres federal, la entidad poblana registr\u00f3 avances significativos en la materia, los cuales atribuy\u00f3 a la implementaci\u00f3n de los Centros Libres de Violencia Carmen Serd\u00e1n con los que se busca erradicar la violencia de g\u00e9nero en Puebla.<\/p>\n\n\n\n<p>Indic\u00f3 que en los \u00faltimos meses se hab\u00edan registrado descensos del 20 y 30 por ciento de feminicidios, por lo que, celebr\u00f3 la disminuci\u00f3n del 40 por ciento reportado en todo el estado durante la primera mitad del a\u00f1o, pues, argument\u00f3 que es un avance importante en la protecci\u00f3n de las mujeres poblanas y sus derechos.<br><br>En la \u00faltima evaluaci\u00f3n hab\u00edamos pasado del 20 por ciento al 30 por ciento menos de feminicidios con respecto al a\u00f1o pasado, hoy ya estamos en el 40 por ciento, eso es en verdad importante<br>mencion\u00f3.<br>Sin embargo, el titular del Ejecutivo estatal reconoci\u00f3 que es necesaria la implementaci\u00f3n de m\u00e1s pol\u00edticas p\u00fablicas que permitan erradicar en su totalidad las conductas violentas contra las mujeres, por lo que record\u00f3 que los Centros Carmen Serd\u00e1n ser\u00e1n habilitados en los pr\u00f3ximos meses en los 217 municipios de la entidad.<\/p>\n\n\n\n<p>Indic\u00f3 que en estos centros se proteger\u00e1 a todas las mujeres que se acerquen en busca de ayuda y se iniciar\u00e1n carpetas de investigaci\u00f3n en caso de existir alguna condici\u00f3n de violencia por lo que buscar\u00e1 la ayuda financiera del gobierno federal para poder llevar a cabo este proyecto en todo el estado.<\/p>\n\n\n\n<p>Familiares, amigos y el colectivo Las \u00c1cratas se manifestaron en Texmelucan para exigir justicia para Elizabeth<br>Protestan en Casa de Justicia de Texmelucan para exigir justicia para Elizabeth, v\u00edctima de feminicidio<br>Piden que se vincule a proceso a Jorge Ernesto N., presunto responsable detenido en Quintana Roo<br>Recalc\u00f3 que este proyecto tiene la finalidad de combatir todos los rasgos de violencia de g\u00e9nero en la entidad y erradicar los feminicidios en la entidad, por lo que exhort\u00f3 a la sociedad a colaborar con las acciones promovidas por su administraci\u00f3n a favor de todas las mujeres poblanas.<\/p>\n","protected":false},"excerpt":{"rendered":"<p>Durante el primer semestre de 2025, se registr\u00f3 un descenso del 40 por ciento en los feminicidio en la entidad poblana respecto al mismo periodo del a\u00f1o pasado, inform\u00f3 el gobernador del estado, Alejandro Armenta Mier, quien reconoci\u00f3 la importancia de construir pol\u00edticas p\u00fablicas en contra de la violencia de g\u00e9nero. En conferencia de prensa, [&hellip;]<\/p>\n","protected":false},"author":4,"featured_media":65101,"comment_status":"open","ping_status":"open","sticky":false,"template":"","format":"standard","meta":{"om_disable_all_campaigns":false,"_monsterinsights_skip_tracking":false,"_monsterinsights_sitenote_active":false,"_monsterinsights_sitenote_note":"","_monsterinsights_sitenote_category":0,"footnotes":""},"categories":[175],"tags":[239,195,223],"class_list":["post-65100","post","type-post","status-publish","format-standard","has-post-thumbnail","hentry","category-local","tag-gobierno","tag-principal","tag-puebla"],"amp_enabled":true,"_links":{"self":[{"href":"https:\/\/lahora.mx\/index.php\/wp-json\/wp\/v2\/posts\/65100","targetHints":{"allow":["GET"]}}],"collection":[{"href":"https:\/\/lahora.mx\/index.php\/wp-json\/wp\/v2\/posts"}],"about":[{"href":"https:\/\/lahora.mx\/index.php\/wp-json\/wp\/v2\/types\/post"}],"author":[{"embeddable":true,"href":"https:\/\/lahora.mx\/index.php\/wp-json\/wp\/v2\/users\/4"}],"replies":[{"embeddable":true,"href":"https:\/\/lahora.mx\/index.php\/wp-json\/wp\/v2\/comments?post=65100"}],"version-history":[{"count":1,"href":"https:\/\/lahora.mx\/index.php\/wp-json\/wp\/v2\/posts\/65100\/revisions"}],"predecessor-version":[{"id":65102,"href":"https:\/\/lahora.mx\/index.php\/wp-json\/wp\/v2\/posts\/65100\/revisions\/65102"}],"wp:featuredmedia":[{"embeddable":true,"href":"https:\/\/lahora.mx\/index.php\/wp-json\/wp\/v2\/media\/65101"}],"wp:attachment":[{"href":"https:\/\/lahora.mx\/index.php\/wp-json\/wp\/v2\/media?parent=65100"}],"wp:term":[{"taxonomy":"category","embeddable":true,"href":"https:\/\/lahora.mx\/index.php\/wp-json\/wp\/v2\/categories?post=65100"},{"taxonomy":"post_tag","embeddable":true,"href":"https:\/\/lahora.mx\/index.php\/wp-json\/wp\/v2\/tags?post=65100"}],"curies":[{"name":"wp","href":"https:\/\/api.w.org\/{rel}","templated":true}]}}