{"id":65093,"date":"2025-07-14T17:53:02","date_gmt":"2025-07-14T17:53:02","guid":{"rendered":"https:\/\/lahora.mx\/?p=65093"},"modified":"2025-07-14T17:53:03","modified_gmt":"2025-07-14T17:53:03","slug":"la-presidenta-claudia-sheinbaum-denunciara-por-difamacion-al-abogado-de-ovidio-guzman-tras-acusaciones-no-se-puede-dejar-pasar-afirma","status":"publish","type":"post","link":"https:\/\/lahora.mx\/index.php\/2025\/07\/14\/la-presidenta-claudia-sheinbaum-denunciara-por-difamacion-al-abogado-de-ovidio-guzman-tras-acusaciones-no-se-puede-dejar-pasar-afirma\/","title":{"rendered":"La presidenta Claudia Sheinbaum denunciar\u00e1 por difamaci\u00f3n al abogado de Ovidio Guzm\u00e1n tras acusaciones; \u00abno se puede dejar pasar\u00bb, afirma"},"content":{"rendered":"\n<p>La presidenta Claudia Sheinbaum Pardo inform\u00f3 que su gobierno denunciar\u00e1 por difamaci\u00f3n al abogado Jeffrey Lichtman, representante legal de Ovidio Guzm\u00e1n, hijo de Joaqu\u00edn \u00abEl Chapo\u00bb Guzm\u00e1n, detenido en Estados Unidos, y quien el viernes pasado se declar\u00f3 culpable de cuatro delitos ligados con el crimen organizado y narcotr\u00e1fico.<\/p>\n\n\n\n<p>El viernes pasado, el abogado Jeffrey Lichtman acus\u00f3 a Sheinbaum de haber hablado \u201cm\u00e1s como el brazo de relaciones p\u00fablicas\u201d de una organizaci\u00f3n criminal que como Presidenta de M\u00e9xico.<\/p>\n\n\n\n<p>\u201cPrimero, no establecer di\u00e1logo con un abogado de un narcotraficante; dos, vamos a presentar una demanda por difamaci\u00f3n en M\u00e9xico, porque no se puede dejar pasar\u201d, manifest\u00f3.<\/p>\n\n\n\n<p>En conferencia de prensa matutina, la Mandataria federal se\u00f1al\u00f3 que la Consejer\u00eda Jur\u00eddica del Ejecutivo Federal (CJEF) ya trabaja para la presentaci\u00f3n de la denuncia.<\/p>\n\n\n\n<p>En relaci\u00f3n con el caso del extitular de la Secretar\u00eda de la Defensa Nacional, el general Salvador Cienfuegos, quien fue detenido en Estados Unidos en 2020 acusado de presuntos v\u00ednculos con el crimen organizado y posteriormente enviado a M\u00e9xico, donde no se le encontr\u00f3 delito, debe ser aclarado por la Fiscal\u00eda General de la Rep\u00fablica (FGR), pero se\u00f1al\u00f3 que es muy claro que era inocente.<\/p>\n\n\n\n<p>\u201cFueron muchas semanas, desde el s\u00e1bado estaba revisando el caso Cienfuegos, lo que se dijo en las ma\u00f1aneras del presidente (Andr\u00e9s Manuel) L\u00f3pez Obrador, es muy claro que hab\u00eda inocencia, es muy importante que se describa claramente c\u00f3mo fue todo el caso, desde su detenci\u00f3n hasta su liberaci\u00f3n y c\u00f3mo la FGR particip\u00f3 en este tema\u201d, declar\u00f3.<\/p>\n\n\n\n<p>En el sal\u00f3n Tesorer\u00eda, la presidenta Claudia Sheinbaum Pardo reiter\u00f3 que su gobierno no establece relaciones de complicidad con nadie, y asegur\u00f3 que hay avances en el tema por la reducci\u00f3n de la violencia y los homicidios dolosos en el pa\u00eds.<\/p>\n","protected":false},"excerpt":{"rendered":"<p>La presidenta Claudia Sheinbaum Pardo inform\u00f3 que su gobierno denunciar\u00e1 por difamaci\u00f3n al abogado Jeffrey Lichtman, representante legal de Ovidio Guzm\u00e1n, hijo de Joaqu\u00edn \u00abEl Chapo\u00bb Guzm\u00e1n, detenido en Estados Unidos, y quien el viernes pasado se declar\u00f3 culpable de cuatro delitos ligados con el crimen organizado y narcotr\u00e1fico. El viernes pasado, el abogado Jeffrey [&hellip;]<\/p>\n","protected":false},"author":4,"featured_media":65094,"comment_status":"open","ping_status":"open","sticky":false,"template":"","format":"standard","meta":{"om_disable_all_campaigns":false,"_monsterinsights_skip_tracking":false,"_monsterinsights_sitenote_active":false,"_monsterinsights_sitenote_note":"","_monsterinsights_sitenote_category":0,"footnotes":""},"categories":[176],"tags":[195],"class_list":["post-65093","post","type-post","status-publish","format-standard","has-post-thumbnail","hentry","category-nacional","tag-principal"],"amp_enabled":true,"_links":{"self":[{"href":"https:\/\/lahora.mx\/index.php\/wp-json\/wp\/v2\/posts\/65093","targetHints":{"allow":["GET"]}}],"collection":[{"href":"https:\/\/lahora.mx\/index.php\/wp-json\/wp\/v2\/posts"}],"about":[{"href":"https:\/\/lahora.mx\/index.php\/wp-json\/wp\/v2\/types\/post"}],"author":[{"embeddable":true,"href":"https:\/\/lahora.mx\/index.php\/wp-json\/wp\/v2\/users\/4"}],"replies":[{"embeddable":true,"href":"https:\/\/lahora.mx\/index.php\/wp-json\/wp\/v2\/comments?post=65093"}],"version-history":[{"count":1,"href":"https:\/\/lahora.mx\/index.php\/wp-json\/wp\/v2\/posts\/65093\/revisions"}],"predecessor-version":[{"id":65095,"href":"https:\/\/lahora.mx\/index.php\/wp-json\/wp\/v2\/posts\/65093\/revisions\/65095"}],"wp:featuredmedia":[{"embeddable":true,"href":"https:\/\/lahora.mx\/index.php\/wp-json\/wp\/v2\/media\/65094"}],"wp:attachment":[{"href":"https:\/\/lahora.mx\/index.php\/wp-json\/wp\/v2\/media?parent=65093"}],"wp:term":[{"taxonomy":"category","embeddable":true,"href":"https:\/\/lahora.mx\/index.php\/wp-json\/wp\/v2\/categories?post=65093"},{"taxonomy":"post_tag","embeddable":true,"href":"https:\/\/lahora.mx\/index.php\/wp-json\/wp\/v2\/tags?post=65093"}],"curies":[{"name":"wp","href":"https:\/\/api.w.org\/{rel}","templated":true}]}}