{"id":65090,"date":"2025-07-14T17:39:24","date_gmt":"2025-07-14T17:39:24","guid":{"rendered":"https:\/\/lahora.mx\/?p=65090"},"modified":"2025-07-14T17:39:25","modified_gmt":"2025-07-14T17:39:25","slug":"agua-de-puebla-se-deslinda-de-inundaciones-son-por-basura-asegura","status":"publish","type":"post","link":"https:\/\/lahora.mx\/index.php\/2025\/07\/14\/agua-de-puebla-se-deslinda-de-inundaciones-son-por-basura-asegura\/","title":{"rendered":"Agua de Puebla se deslinda de inundaciones: son por basura, asegura"},"content":{"rendered":"\n<p>Ante la intensa lluvia que sucedi\u00f3 la tarde de ayer en la capital de la entidad poblana Agua de Puebla se deslind\u00f3 de las m\u00e1s de 30 inundaciones que se registraron en la zona.<\/p>\n\n\n\n<p>En bolet\u00edn que comparti\u00f3 hoy la empresa destac\u00f3 que el 80 por ciento de las afectaciones sucedieron por el arrastre de basura que provoca taponamientos en las rejillas y no permite el flujo normal del agua.<\/p>\n\n\n\n<p>Antes de su deslinde, las unidades de respuesta operativa de Agua de Puebla \u2014que incluyeron unidades hidroneum\u00e1ticas y unidades con personal para la atenci\u00f3n de las zonas afectadas\u2014 se desplegaron y atendieron las emergencias.<\/p>\n\n\n\n<p>Los datos meteorol\u00f3gicos que Agua de Puebla comparti\u00f3 indicaron que las estaciones ubicadas en zonas Norponiente y Sur Poniente registraron m\u00e1s de 58 mil\u00edmetros (mm) de l\u00e1mina de lluvia.<\/p>\n\n\n\n<p>La empresa insisti\u00f3 que esta cantidad de l\u00edquido provoc\u00f3 saturaci\u00f3n en la red sanitaria y sobrecarga en la infraestructura pluvial existente.<\/p>\n\n\n\n<p>\u201cLas redes de drenaje, al recibir gran cantidad de agua pluvial, sufren saturaci\u00f3n arriba de los 30 mm. de l\u00e1mina de lluvia, siendo m\u00e1s del doble lo que llovi\u00f3 el s\u00e1bado y en un corto lapso la lluvia que se present\u00f3 en menos de 2 horas, lo cual contribuy\u00f3 para provocar afectaciones principalmente en vialidades\u201d, se lee en el comunicado que comparti\u00f3 la instituci\u00f3n.<\/p>\n\n\n\n<p>Se\u00f1alaron que sus brigadas contin\u00faan en monitoreo y atendiendo sitios afectados por inundaciones para mitigar los efectos de las fuertes lluvias.<\/p>\n","protected":false},"excerpt":{"rendered":"<p>Ante la intensa lluvia que sucedi\u00f3 la tarde de ayer en la capital de la entidad poblana Agua de Puebla se deslind\u00f3 de las m\u00e1s de 30 inundaciones que se registraron en la zona. En bolet\u00edn que comparti\u00f3 hoy la empresa destac\u00f3 que el 80 por ciento de las afectaciones sucedieron por el arrastre de [&hellip;]<\/p>\n","protected":false},"author":4,"featured_media":65091,"comment_status":"open","ping_status":"open","sticky":false,"template":"","format":"standard","meta":{"om_disable_all_campaigns":false,"_monsterinsights_skip_tracking":false,"_monsterinsights_sitenote_active":false,"_monsterinsights_sitenote_note":"","_monsterinsights_sitenote_category":0,"footnotes":""},"categories":[175],"tags":[223],"class_list":["post-65090","post","type-post","status-publish","format-standard","has-post-thumbnail","hentry","category-local","tag-puebla"],"amp_enabled":true,"_links":{"self":[{"href":"https:\/\/lahora.mx\/index.php\/wp-json\/wp\/v2\/posts\/65090","targetHints":{"allow":["GET"]}}],"collection":[{"href":"https:\/\/lahora.mx\/index.php\/wp-json\/wp\/v2\/posts"}],"about":[{"href":"https:\/\/lahora.mx\/index.php\/wp-json\/wp\/v2\/types\/post"}],"author":[{"embeddable":true,"href":"https:\/\/lahora.mx\/index.php\/wp-json\/wp\/v2\/users\/4"}],"replies":[{"embeddable":true,"href":"https:\/\/lahora.mx\/index.php\/wp-json\/wp\/v2\/comments?post=65090"}],"version-history":[{"count":1,"href":"https:\/\/lahora.mx\/index.php\/wp-json\/wp\/v2\/posts\/65090\/revisions"}],"predecessor-version":[{"id":65092,"href":"https:\/\/lahora.mx\/index.php\/wp-json\/wp\/v2\/posts\/65090\/revisions\/65092"}],"wp:featuredmedia":[{"embeddable":true,"href":"https:\/\/lahora.mx\/index.php\/wp-json\/wp\/v2\/media\/65091"}],"wp:attachment":[{"href":"https:\/\/lahora.mx\/index.php\/wp-json\/wp\/v2\/media?parent=65090"}],"wp:term":[{"taxonomy":"category","embeddable":true,"href":"https:\/\/lahora.mx\/index.php\/wp-json\/wp\/v2\/categories?post=65090"},{"taxonomy":"post_tag","embeddable":true,"href":"https:\/\/lahora.mx\/index.php\/wp-json\/wp\/v2\/tags?post=65090"}],"curies":[{"name":"wp","href":"https:\/\/api.w.org\/{rel}","templated":true}]}}