{"id":65087,"date":"2025-07-14T17:36:36","date_gmt":"2025-07-14T17:36:36","guid":{"rendered":"https:\/\/lahora.mx\/?p=65087"},"modified":"2025-07-14T17:36:37","modified_gmt":"2025-07-14T17:36:37","slug":"robos-en-el-transporte-publico-en-atlixco-generan-preocupacion","status":"publish","type":"post","link":"https:\/\/lahora.mx\/index.php\/2025\/07\/14\/robos-en-el-transporte-publico-en-atlixco-generan-preocupacion\/","title":{"rendered":"Robos en el transporte p\u00fablico en Atlixco generan preocupaci\u00f3n"},"content":{"rendered":"\n<p>\u00a0Los robos o asaltos en el transporte p\u00fablico del municipio de Atlixco generan preocupaci\u00f3n entre los usuarios y conductores, ya que tan solo en el primer semestre del 2025, suman entre 6 y 7 robos.<br><br>H\u00e9ctor Castillo, dirigente del transporte local en Atlixco, coment\u00f3 que por primera vez en el a\u00f1o, la ciudad ha comenzado a registrar robos a pasajeros en unidades de transporte p\u00fablico, generando preocupaci\u00f3n entre usuarios y transportistas, estos delitos han sido en el primer cuadro de la ciudad.<\/p>\n\n\n\n<p>Detall\u00f3 que los asaltos afectan directamente a los usuarios, quienes con esfuerzo adquirieron sus pertenencias, como celulares, que suelen ser el objeto principal que roban los delincuentes junto con el dinero en efectivo.<\/p>\n\n\n\n<p>Mencion\u00f3 que tambi\u00e9n los conductores resultan afectados, ya que los amantes de lo ajeno tambi\u00e9n les quitan el dinero de la cuenta.<\/p>\n\n\n\n<p>Cabe mencionar que los presuntos asaltantes, ya han sido identificados por los transportistas, puesto que estos delincuentes son j\u00f3venes de colonias cercanas, como Buenavista.<\/p>\n\n\n\n<p>Finalmente, el dirigente del transporte p\u00fablico, expres\u00f3 que las c\u00e1maras de vigilancia instaladas obligatoriamente en las unidades no han sido \u00fatiles debido a la falta de capacidad tecnol\u00f3gica para conectar y monitorear todas las grabaciones desde los centros de operaci\u00f3n C5, y es que ya hubo un incidente en el que un conductor fue lesionado con arma blanca, sin que las c\u00e1maras aportaran datos para la investigaci\u00f3n, a pesar de su funcionamiento.<\/p>\n\n\n\n<p>No te pierdas ninguna actualizaci\u00f3n importante. Explora nuestro portal para seguir informado sobre las \u00faltimas noticias en Puebla.<\/p>\n","protected":false},"excerpt":{"rendered":"<p>\u00a0Los robos o asaltos en el transporte p\u00fablico del municipio de Atlixco generan preocupaci\u00f3n entre los usuarios y conductores, ya que tan solo en el primer semestre del 2025, suman entre 6 y 7 robos. H\u00e9ctor Castillo, dirigente del transporte local en Atlixco, coment\u00f3 que por primera vez en el a\u00f1o, la ciudad ha comenzado [&hellip;]<\/p>\n","protected":false},"author":4,"featured_media":65088,"comment_status":"open","ping_status":"open","sticky":false,"template":"","format":"standard","meta":{"om_disable_all_campaigns":false,"_monsterinsights_skip_tracking":false,"_monsterinsights_sitenote_active":false,"_monsterinsights_sitenote_note":"","_monsterinsights_sitenote_category":0,"footnotes":""},"categories":[175,226],"tags":[223],"class_list":["post-65087","post","type-post","status-publish","format-standard","has-post-thumbnail","hentry","category-local","category-policia","tag-puebla"],"amp_enabled":true,"_links":{"self":[{"href":"https:\/\/lahora.mx\/index.php\/wp-json\/wp\/v2\/posts\/65087","targetHints":{"allow":["GET"]}}],"collection":[{"href":"https:\/\/lahora.mx\/index.php\/wp-json\/wp\/v2\/posts"}],"about":[{"href":"https:\/\/lahora.mx\/index.php\/wp-json\/wp\/v2\/types\/post"}],"author":[{"embeddable":true,"href":"https:\/\/lahora.mx\/index.php\/wp-json\/wp\/v2\/users\/4"}],"replies":[{"embeddable":true,"href":"https:\/\/lahora.mx\/index.php\/wp-json\/wp\/v2\/comments?post=65087"}],"version-history":[{"count":1,"href":"https:\/\/lahora.mx\/index.php\/wp-json\/wp\/v2\/posts\/65087\/revisions"}],"predecessor-version":[{"id":65089,"href":"https:\/\/lahora.mx\/index.php\/wp-json\/wp\/v2\/posts\/65087\/revisions\/65089"}],"wp:featuredmedia":[{"embeddable":true,"href":"https:\/\/lahora.mx\/index.php\/wp-json\/wp\/v2\/media\/65088"}],"wp:attachment":[{"href":"https:\/\/lahora.mx\/index.php\/wp-json\/wp\/v2\/media?parent=65087"}],"wp:term":[{"taxonomy":"category","embeddable":true,"href":"https:\/\/lahora.mx\/index.php\/wp-json\/wp\/v2\/categories?post=65087"},{"taxonomy":"post_tag","embeddable":true,"href":"https:\/\/lahora.mx\/index.php\/wp-json\/wp\/v2\/tags?post=65087"}],"curies":[{"name":"wp","href":"https:\/\/api.w.org\/{rel}","templated":true}]}}