{"id":65084,"date":"2025-07-14T17:12:44","date_gmt":"2025-07-14T17:12:44","guid":{"rendered":"https:\/\/lahora.mx\/?p=65084"},"modified":"2025-07-14T17:12:45","modified_gmt":"2025-07-14T17:12:45","slug":"se-registra-choque-con-carga-vehicular-intensa-en-la-mexico-puebla-a-la-altura-de-xoxtla","status":"publish","type":"post","link":"https:\/\/lahora.mx\/index.php\/2025\/07\/14\/se-registra-choque-con-carga-vehicular-intensa-en-la-mexico-puebla-a-la-altura-de-xoxtla\/","title":{"rendered":"Se registra choque con carga vehicular intensa en la M\u00e9xico\u2013Puebla a la altura de Xoxtla"},"content":{"rendered":"\n<p>En la autopista M\u00e9xico\u2013Puebla, a la altura de Xoxtla, se registra una fuerte carga vehicular derivada de los trabajos de reencarpetamiento que restringen la circulaci\u00f3n a un solo carril.<br><br>Las autoridades viales reportan congestionamiento permanente en ambos sentidos, lo que ha provocado demoras considerables en ambos sentidos durante las recientes horas de mayor flujo.<\/p>\n\n\n\n<p>Usuarios en redes sociales, especialmente en grupos de Facebook dedicados a la movilidad en Puebla y Twitter, han compartido v\u00eddeos que el tr\u00e1fico lento y las se\u00f1ales de desv\u00edo improvisadas.<\/p>\n","protected":false},"excerpt":{"rendered":"<p>En la autopista M\u00e9xico\u2013Puebla, a la altura de Xoxtla, se registra una fuerte carga vehicular derivada de los trabajos de reencarpetamiento que restringen la circulaci\u00f3n a un solo carril. Las autoridades viales reportan congestionamiento permanente en ambos sentidos, lo que ha provocado demoras considerables en ambos sentidos durante las recientes horas de mayor flujo. Usuarios [&hellip;]<\/p>\n","protected":false},"author":4,"featured_media":65085,"comment_status":"open","ping_status":"open","sticky":false,"template":"","format":"standard","meta":{"om_disable_all_campaigns":false,"_monsterinsights_skip_tracking":false,"_monsterinsights_sitenote_active":false,"_monsterinsights_sitenote_note":"","_monsterinsights_sitenote_category":0,"footnotes":""},"categories":[175],"tags":[223],"class_list":["post-65084","post","type-post","status-publish","format-standard","has-post-thumbnail","hentry","category-local","tag-puebla"],"amp_enabled":true,"_links":{"self":[{"href":"https:\/\/lahora.mx\/index.php\/wp-json\/wp\/v2\/posts\/65084","targetHints":{"allow":["GET"]}}],"collection":[{"href":"https:\/\/lahora.mx\/index.php\/wp-json\/wp\/v2\/posts"}],"about":[{"href":"https:\/\/lahora.mx\/index.php\/wp-json\/wp\/v2\/types\/post"}],"author":[{"embeddable":true,"href":"https:\/\/lahora.mx\/index.php\/wp-json\/wp\/v2\/users\/4"}],"replies":[{"embeddable":true,"href":"https:\/\/lahora.mx\/index.php\/wp-json\/wp\/v2\/comments?post=65084"}],"version-history":[{"count":1,"href":"https:\/\/lahora.mx\/index.php\/wp-json\/wp\/v2\/posts\/65084\/revisions"}],"predecessor-version":[{"id":65086,"href":"https:\/\/lahora.mx\/index.php\/wp-json\/wp\/v2\/posts\/65084\/revisions\/65086"}],"wp:featuredmedia":[{"embeddable":true,"href":"https:\/\/lahora.mx\/index.php\/wp-json\/wp\/v2\/media\/65085"}],"wp:attachment":[{"href":"https:\/\/lahora.mx\/index.php\/wp-json\/wp\/v2\/media?parent=65084"}],"wp:term":[{"taxonomy":"category","embeddable":true,"href":"https:\/\/lahora.mx\/index.php\/wp-json\/wp\/v2\/categories?post=65084"},{"taxonomy":"post_tag","embeddable":true,"href":"https:\/\/lahora.mx\/index.php\/wp-json\/wp\/v2\/tags?post=65084"}],"curies":[{"name":"wp","href":"https:\/\/api.w.org\/{rel}","templated":true}]}}