{"id":65078,"date":"2025-07-14T16:43:23","date_gmt":"2025-07-14T16:43:23","guid":{"rendered":"https:\/\/lahora.mx\/?p=65078"},"modified":"2025-07-14T16:43:23","modified_gmt":"2025-07-14T16:43:23","slug":"afirma-la-presidenta-claudia-sheinbaum-que-demandara-por-difamacion-a-jeffrey-lichtman","status":"publish","type":"post","link":"https:\/\/lahora.mx\/index.php\/2025\/07\/14\/afirma-la-presidenta-claudia-sheinbaum-que-demandara-por-difamacion-a-jeffrey-lichtman\/","title":{"rendered":"Afirma la presidenta Claudia Sheinbaum que demandar\u00e1 por difamaci\u00f3n a Jeffrey Lichtman"},"content":{"rendered":"\n<p>La presidenta de M\u00e9xico, Claudia Sheinbaum Pardo, dio a conocer este lunes 14 de julio que su gobierno presentar\u00e1 una denuncia por difamaci\u00f3n contra Jeffrey Lichtman, abogado de Ovidio Guzm\u00e1n, hijo de Joaqu\u00edn \u00abEl Chapo\u00bb Guzm\u00e1n.<br><br>Cabe recordar que fue el pasado viernes 11 de julio, cuando Lichtman acus\u00f3 a la Mandataria Federal de haber hablado \u201cm\u00e1s como el brazo de relaciones p\u00fablicas\u201d de una organizaci\u00f3n criminal que como presidenta de M\u00e9xico.<\/p>\n\n\n\n<p>\u201cLo que haremos ser\u00e1 primero, no establecer di\u00e1logo con un abogado de un narcotraficante; dos, vamos a presentar una demanda por difamaci\u00f3n en M\u00e9xico, porque no se puede dejar pasar\u201d, sostuvo Claudia Sheinbaum durante su conferencia matutina.<\/p>\n\n\n\n<p>Tambi\u00e9n dej\u00f3 en claro que su administraci\u00f3n no establece relaci\u00f3n de complicidad con nadie, por lo que agreg\u00f3 no puede dejar pasar sus declaraciones.<\/p>\n\n\n\n<p>Tambi\u00e9n solicit\u00f3 a la Fiscal\u00eda General de la Rep\u00fablica (FGR) que detalle sobre el caso del extitular de la Defensa Nacional, general Salvador Cienfuegos, se\u00f1alado por narcotr\u00e1fico en los Estados Unidos.<\/p>\n\n\n\n<p>\u201cY tercero, el contenido de lo que dijo pues debe de, no en relaci\u00f3n a mi persona porque no vale la pena entrar a eso, sino en relaci\u00f3n a lo que dijo sobre el Caso Cienfuegos y otros temas, pues es importante que la Fiscal\u00eda aclare todo este tema, porque fueron muchas semanas. Tiene que aclararse todo este tema, porque es muy claro que hab\u00eda inocencia, entonces es muy importante que se describa claramente c\u00f3mo fue todo el caso: desde su detenci\u00f3n a su liberaci\u00f3n, y como la FGR particip\u00f3 en este tema\u201d.<\/p>\n\n\n\n<p>\u201cNosotros hacemos nuestro trabajo, no solamente es lo que decimos sino los resultados, no establecemos relaci\u00f3n de contubernio con nadie\u201d, declar\u00f3 Claudia Sheinbaum.<\/p>\n\n\n\n<p>Ovidio Guzm\u00e1n se declar\u00f3 el pasado viernes como culpable en una corte de Chicago por cuatro cargos a cambio de colaborar con informaci\u00f3n sobre el cartel de Sinaloa, Lichtman acus\u00f3 a M\u00e9xico de ignorar a otras figuras del narcotr\u00e1fico protegidas localmente.<\/p>\n\n\n\n<p>Lichtman cuestion\u00f3 que M\u00e9xico busque participar en el acuerdo cuando el Gobierno del expresidente Andr\u00e9s Manuel L\u00f3pez Obrador (2018-2024) \u201cviol\u00f3 un acuerdo bilateral\u201d con Estados Unidos cuando exoner\u00f3 al general Salvador Cienfuegos, tras pedir su extradici\u00f3n mientras era investigado por narcotr\u00e1fico en el pa\u00eds del norte.<\/p>\n","protected":false},"excerpt":{"rendered":"<p>La presidenta de M\u00e9xico, Claudia Sheinbaum Pardo, dio a conocer este lunes 14 de julio que su gobierno presentar\u00e1 una denuncia por difamaci\u00f3n contra Jeffrey Lichtman, abogado de Ovidio Guzm\u00e1n, hijo de Joaqu\u00edn \u00abEl Chapo\u00bb Guzm\u00e1n. Cabe recordar que fue el pasado viernes 11 de julio, cuando Lichtman acus\u00f3 a la Mandataria Federal de haber [&hellip;]<\/p>\n","protected":false},"author":4,"featured_media":65079,"comment_status":"open","ping_status":"open","sticky":false,"template":"","format":"standard","meta":{"om_disable_all_campaigns":false,"_monsterinsights_skip_tracking":false,"_monsterinsights_sitenote_active":false,"_monsterinsights_sitenote_note":"","_monsterinsights_sitenote_category":0,"footnotes":""},"categories":[176],"tags":[223],"class_list":["post-65078","post","type-post","status-publish","format-standard","has-post-thumbnail","hentry","category-nacional","tag-puebla"],"amp_enabled":true,"_links":{"self":[{"href":"https:\/\/lahora.mx\/index.php\/wp-json\/wp\/v2\/posts\/65078","targetHints":{"allow":["GET"]}}],"collection":[{"href":"https:\/\/lahora.mx\/index.php\/wp-json\/wp\/v2\/posts"}],"about":[{"href":"https:\/\/lahora.mx\/index.php\/wp-json\/wp\/v2\/types\/post"}],"author":[{"embeddable":true,"href":"https:\/\/lahora.mx\/index.php\/wp-json\/wp\/v2\/users\/4"}],"replies":[{"embeddable":true,"href":"https:\/\/lahora.mx\/index.php\/wp-json\/wp\/v2\/comments?post=65078"}],"version-history":[{"count":1,"href":"https:\/\/lahora.mx\/index.php\/wp-json\/wp\/v2\/posts\/65078\/revisions"}],"predecessor-version":[{"id":65080,"href":"https:\/\/lahora.mx\/index.php\/wp-json\/wp\/v2\/posts\/65078\/revisions\/65080"}],"wp:featuredmedia":[{"embeddable":true,"href":"https:\/\/lahora.mx\/index.php\/wp-json\/wp\/v2\/media\/65079"}],"wp:attachment":[{"href":"https:\/\/lahora.mx\/index.php\/wp-json\/wp\/v2\/media?parent=65078"}],"wp:term":[{"taxonomy":"category","embeddable":true,"href":"https:\/\/lahora.mx\/index.php\/wp-json\/wp\/v2\/categories?post=65078"},{"taxonomy":"post_tag","embeddable":true,"href":"https:\/\/lahora.mx\/index.php\/wp-json\/wp\/v2\/tags?post=65078"}],"curies":[{"name":"wp","href":"https:\/\/api.w.org\/{rel}","templated":true}]}}