{"id":65075,"date":"2025-07-14T16:28:16","date_gmt":"2025-07-14T16:28:16","guid":{"rendered":"https:\/\/lahora.mx\/?p=65075"},"modified":"2025-07-14T16:28:17","modified_gmt":"2025-07-14T16:28:17","slug":"ya-fue-reabierta-la-autopista-mexico-pachuca","status":"publish","type":"post","link":"https:\/\/lahora.mx\/index.php\/2025\/07\/14\/ya-fue-reabierta-la-autopista-mexico-pachuca\/","title":{"rendered":"Ya fue reabierta la autopista M\u00e9xico-Pachuca"},"content":{"rendered":"\n<p>Durante los primeros minutos de este lunes 14 de julio y despu\u00e9s de un trabajo que se extendi\u00f3 a lo largo de ocho horas con maniobras de limpieza, fue reabierta la autopista M\u00e9xico-Pachuca.<br><br>Lo anterior despu\u00e9s de que ocurri\u00f3 un accidente con la quema controlada del combustible derramado durante la volcadura de una pipa con m\u00e1s de 32 mil litros de combustible a la altura de Tlalnepantla, en el Estado de M\u00e9xico.<\/p>\n\n\n\n<p>\u201cElementos de Protecci\u00f3n Civil llevan a cabo la quema controlada del combustible derramado debido a la volcadura de una pipa esta tarde en la autopista M\u00e9xico-Pachuca, en la colonia Constituci\u00f3n 1917\u201d.<\/p>\n\n\n\n<p>\u201cEsta acci\u00f3n se realiza con el objetivo de eliminar cualquier riesgo derivado del incidente ocurrido en la autopista M\u00e9xico-Pachuca\u201d, dio a conocer el Gobierno de Tlalnepantla por medio de sus redes sociales.<\/p>\n\n\n\n<p>Cabe recordar que se present\u00f3 la volcadura de una pipa a la altura del sector conocido como \u201cEl Vigilante\u201d, que se encuentra en la colonia Constituci\u00f3n de 1917, situaci\u00f3n que gener\u00f3 el bloqueo total de la circulaci\u00f3n, por lo que fue necesario la intervenci\u00f3n de varias corporaciones para atender la emergencia y mitigar los riesgos derivados de dicho siniestro.<\/p>\n\n\n\n<p>En los mismo tomaron parte Bomberos de Tlalnepantla y Ecatepec, Protecci\u00f3n Civil, personal de Sustentabilidad de Tlalnepantla, Petr\u00f3leos Mexicanos (Pemex), elementos de la Polic\u00eda Municipal y elementos de la Guardia Nacional.<\/p>\n","protected":false},"excerpt":{"rendered":"<p>Durante los primeros minutos de este lunes 14 de julio y despu\u00e9s de un trabajo que se extendi\u00f3 a lo largo de ocho horas con maniobras de limpieza, fue reabierta la autopista M\u00e9xico-Pachuca. Lo anterior despu\u00e9s de que ocurri\u00f3 un accidente con la quema controlada del combustible derramado durante la volcadura de una pipa con [&hellip;]<\/p>\n","protected":false},"author":4,"featured_media":65076,"comment_status":"open","ping_status":"open","sticky":false,"template":"","format":"standard","meta":{"om_disable_all_campaigns":false,"_monsterinsights_skip_tracking":false,"_monsterinsights_sitenote_active":false,"_monsterinsights_sitenote_note":"","_monsterinsights_sitenote_category":0,"footnotes":""},"categories":[175,176],"tags":[223],"class_list":["post-65075","post","type-post","status-publish","format-standard","has-post-thumbnail","hentry","category-local","category-nacional","tag-puebla"],"amp_enabled":true,"_links":{"self":[{"href":"https:\/\/lahora.mx\/index.php\/wp-json\/wp\/v2\/posts\/65075","targetHints":{"allow":["GET"]}}],"collection":[{"href":"https:\/\/lahora.mx\/index.php\/wp-json\/wp\/v2\/posts"}],"about":[{"href":"https:\/\/lahora.mx\/index.php\/wp-json\/wp\/v2\/types\/post"}],"author":[{"embeddable":true,"href":"https:\/\/lahora.mx\/index.php\/wp-json\/wp\/v2\/users\/4"}],"replies":[{"embeddable":true,"href":"https:\/\/lahora.mx\/index.php\/wp-json\/wp\/v2\/comments?post=65075"}],"version-history":[{"count":1,"href":"https:\/\/lahora.mx\/index.php\/wp-json\/wp\/v2\/posts\/65075\/revisions"}],"predecessor-version":[{"id":65077,"href":"https:\/\/lahora.mx\/index.php\/wp-json\/wp\/v2\/posts\/65075\/revisions\/65077"}],"wp:featuredmedia":[{"embeddable":true,"href":"https:\/\/lahora.mx\/index.php\/wp-json\/wp\/v2\/media\/65076"}],"wp:attachment":[{"href":"https:\/\/lahora.mx\/index.php\/wp-json\/wp\/v2\/media?parent=65075"}],"wp:term":[{"taxonomy":"category","embeddable":true,"href":"https:\/\/lahora.mx\/index.php\/wp-json\/wp\/v2\/categories?post=65075"},{"taxonomy":"post_tag","embeddable":true,"href":"https:\/\/lahora.mx\/index.php\/wp-json\/wp\/v2\/tags?post=65075"}],"curies":[{"name":"wp","href":"https:\/\/api.w.org\/{rel}","templated":true}]}}