{"id":65069,"date":"2025-07-14T02:35:46","date_gmt":"2025-07-14T02:35:46","guid":{"rendered":"https:\/\/lahora.mx\/?p=65069"},"modified":"2025-07-14T02:35:47","modified_gmt":"2025-07-14T02:35:47","slug":"fge-detiene-a-chofer-que-embistio-a-fredy-aco-gnp-dijo-que-se-encargaria","status":"publish","type":"post","link":"https:\/\/lahora.mx\/index.php\/2025\/07\/14\/fge-detiene-a-chofer-que-embistio-a-fredy-aco-gnp-dijo-que-se-encargaria\/","title":{"rendered":"FGE detiene a chofer que embisti\u00f3 a Fredy Aco; GNP dijo que se encargar\u00eda"},"content":{"rendered":"\n<p>Este domingo la Fiscal\u00eda General del Estado (FGE) confirm\u00f3 la detenci\u00f3n de Juan Ram\u00f3n F, quien el s\u00e1bado arroll\u00f3 al comunicador Fredy Aco sobre la federal a Atlixco. Aunque de inicio se inform\u00f3 que se hab\u00eda dado a la fuga, la familia del automovilista se\u00f1ala que se march\u00f3 del lugar porque personal de la aseguradora GNP le afirm\u00f3 que ellos se encargar\u00edan de todo.<\/p>\n\n\n\n<p>De acuerdo con informaci\u00f3n que allegados a la familia de Juan Ram\u00f3n hicieron llegar a e-consulta, \u00e9l se march\u00f3 del sitio porque el personal de GNP le asegur\u00f3 que ya se hab\u00eda logrado un acuerdo. Sin embargo, los trabajadores de la aseguradora no llegaron al hospital a donde el comunicador fue trasladado tras el percance.<\/p>\n\n\n\n<p>Los familiares del ahora detenido hicieron hincapi\u00e9 en que el conductor no se dio a la fuga y que fue detenido en su casa, sin que hasta el momento (tarde del domingo) sepan en donde est\u00e1 retenido.<\/p>\n\n\n\n<p>Fue a trav\u00e9s de redes sociales que la FGE inform\u00f3 que Juan Ram\u00f3n N., presunto responsable del accidente, ya se encontraba a disposici\u00f3n del Ministerio P\u00fablico.<br><br>Mediante un comunicado, la FGE detall\u00f3 que el hombre, de 54 a\u00f1os de edad, ser\u00e1 investigado a fin de determinar su situaci\u00f3n jur\u00eddica y deslindar responsabilidades por los hechos.<\/p>\n\n\n\n<p>El accidente<br>El percance se registr\u00f3 la tarde del s\u00e1bado 12 de julio sobre la autopista Atlixco\u2013Puebla, a la altura del kil\u00f3metro 7, donde Fredy Aco, actual director de noticias de un portal digital, fue embestido por una camioneta Audi con placas TPW-521-B, que le provoc\u00f3 diversas lesiones.<\/p>\n\n\n\n<p>Param\u00e9dicos del municipio de San Andr\u00e9s Cholula acudieron al lugar para brindarle los primeros auxilios y debido a la gravedad de las heridas fue trasladado de urgencia a un hospital.<\/p>\n\n\n\n<p>De acuerdo con testigos el automovilista Juan Ram\u00f3n F abandon\u00f3 el sitio sin hacerse responsable del hecho. De igual forma, versiones period\u00edsticas se\u00f1alan que los elementos de la Guardia Nacional (GN) optaron por no asegurar al presunto responsable.<\/p>\n\n\n\n<p>A trav\u00e9s de una publicaci\u00f3n en redes sociales, el gobierno estatal se solidariz\u00f3 con el periodista e indic\u00f3 que la Secretar\u00eda de Seguridad P\u00fablica (SSP) \u201ctrabaja de manera coordinada con la Fiscal\u00eda para realizar las diligencias necesarias a fin de obtener el esclarecimiento del caso\u201d.<\/p>\n\n\n\n<p>De acuerdo con personas allegadas al periodista, se encuentra consciente y su estado de salud es estable tras haber sido sometido a una cirug\u00eda.<\/p>\n","protected":false},"excerpt":{"rendered":"<p>Este domingo la Fiscal\u00eda General del Estado (FGE) confirm\u00f3 la detenci\u00f3n de Juan Ram\u00f3n F, quien el s\u00e1bado arroll\u00f3 al comunicador Fredy Aco sobre la federal a Atlixco. Aunque de inicio se inform\u00f3 que se hab\u00eda dado a la fuga, la familia del automovilista se\u00f1ala que se march\u00f3 del lugar porque personal de la aseguradora [&hellip;]<\/p>\n","protected":false},"author":4,"featured_media":65070,"comment_status":"open","ping_status":"open","sticky":false,"template":"","format":"standard","meta":{"om_disable_all_campaigns":false,"_monsterinsights_skip_tracking":false,"_monsterinsights_sitenote_active":false,"_monsterinsights_sitenote_note":"","_monsterinsights_sitenote_category":0,"footnotes":""},"categories":[175,226],"tags":[223],"class_list":["post-65069","post","type-post","status-publish","format-standard","has-post-thumbnail","hentry","category-local","category-policia","tag-puebla"],"amp_enabled":true,"_links":{"self":[{"href":"https:\/\/lahora.mx\/index.php\/wp-json\/wp\/v2\/posts\/65069","targetHints":{"allow":["GET"]}}],"collection":[{"href":"https:\/\/lahora.mx\/index.php\/wp-json\/wp\/v2\/posts"}],"about":[{"href":"https:\/\/lahora.mx\/index.php\/wp-json\/wp\/v2\/types\/post"}],"author":[{"embeddable":true,"href":"https:\/\/lahora.mx\/index.php\/wp-json\/wp\/v2\/users\/4"}],"replies":[{"embeddable":true,"href":"https:\/\/lahora.mx\/index.php\/wp-json\/wp\/v2\/comments?post=65069"}],"version-history":[{"count":1,"href":"https:\/\/lahora.mx\/index.php\/wp-json\/wp\/v2\/posts\/65069\/revisions"}],"predecessor-version":[{"id":65071,"href":"https:\/\/lahora.mx\/index.php\/wp-json\/wp\/v2\/posts\/65069\/revisions\/65071"}],"wp:featuredmedia":[{"embeddable":true,"href":"https:\/\/lahora.mx\/index.php\/wp-json\/wp\/v2\/media\/65070"}],"wp:attachment":[{"href":"https:\/\/lahora.mx\/index.php\/wp-json\/wp\/v2\/media?parent=65069"}],"wp:term":[{"taxonomy":"category","embeddable":true,"href":"https:\/\/lahora.mx\/index.php\/wp-json\/wp\/v2\/categories?post=65069"},{"taxonomy":"post_tag","embeddable":true,"href":"https:\/\/lahora.mx\/index.php\/wp-json\/wp\/v2\/tags?post=65069"}],"curies":[{"name":"wp","href":"https:\/\/api.w.org\/{rel}","templated":true}]}}