{"id":65051,"date":"2025-07-13T22:53:16","date_gmt":"2025-07-13T22:53:16","guid":{"rendered":"https:\/\/lahora.mx\/?p=65051"},"modified":"2025-07-13T22:59:06","modified_gmt":"2025-07-13T22:59:06","slug":"trabajadoras-sexuales-en-puebla-tendran-acceso-a-comedores-comunitarios-con-sus-hijos","status":"publish","type":"post","link":"https:\/\/lahora.mx\/index.php\/2025\/07\/13\/trabajadoras-sexuales-en-puebla-tendran-acceso-a-comedores-comunitarios-con-sus-hijos\/","title":{"rendered":"Trabajadoras sexuales en Puebla tendr\u00e1n acceso a comedores comunitarios con sus hijos"},"content":{"rendered":"\n<p>Los programas sociales del gobierno de&nbsp;<strong>Jos\u00e9 Chedraui Budib<\/strong>, se notar\u00e1n en los comedores comunitarios a donde las m\u00e1s de dos mil&nbsp; 500 trabajadoras sexuales tendr\u00e1n acceso para comer.<\/p>\n\n\n\n<p>El secretario de Bienestar,&nbsp;<strong>Carlos G\u00f3mez Tepoz<\/strong>, advirti\u00f3 que este grupo social podr\u00e1 ingresar a los comedores en compa\u00f1\u00eda de sus hijos.<\/p>\n\n\n\n<p>Fue la presidenta de la comisi\u00f3n de Seguridad y Justicia,&nbsp;<strong>Georgina Ruiz Toledo<\/strong>, quien anunci\u00f3 que estas mujeres tendr\u00e1n acceso al IMSS y otros programas sociales para mejorar la calidad de vida de las mujeres que trabajan en las calles del Centro Hist\u00f3rico.<\/p>\n\n\n\n<p>Esas estrategias sociales \u2014dijo\u2014, romper\u00e1n con la exclusi\u00f3n que las mujeres dedicas al supuesto oficio m\u00e1s antiguo del mundo han tenido a lo largo de d\u00e9cadas.<\/p>\n\n\n\n<p><em>\u00abVamos a apoyar a este grupo vulnerable que son las madres o jefas de familia que se encuentran dando alg\u00fan servicio en las calles del Centro Hist\u00f3rico\u00bb.<\/em><\/p>\n\n\n\n<p>Para redondear el programa, el alcalde Jos\u00e9 Chedraui Budib va a invertir en suministros y en utensilios en los comedores comunitarios.<\/p>\n\n\n\n<p>G\u00f3mez Tepoz dijo que la dependencia a su cargo tiene recursos para alimentar a las m\u00e1s de dos mil 500 trabajadoras sexuales y&nbsp;<em>\u00abun poquito m\u00e1s\u00bb<\/em>&nbsp;como a los hijos de las sexo servivdoras y a personas de la tercera edad.<\/p>\n\n\n\n<p>A los comedores alimentarios tendr\u00e1n acceso tambi\u00e9n, las personas en situaci\u00f3n de calle.<\/p>\n","protected":false},"excerpt":{"rendered":"<p>Los programas sociales del gobierno de&nbsp;Jos\u00e9 Chedraui Budib, se notar\u00e1n en los comedores comunitarios a donde las m\u00e1s de dos mil&nbsp; 500 trabajadoras sexuales tendr\u00e1n acceso para comer. El secretario de Bienestar,&nbsp;Carlos G\u00f3mez Tepoz, advirti\u00f3 que este grupo social podr\u00e1 ingresar a los comedores en compa\u00f1\u00eda de sus hijos. Fue la presidenta de la comisi\u00f3n [&hellip;]<\/p>\n","protected":false},"author":4,"featured_media":65052,"comment_status":"open","ping_status":"open","sticky":false,"template":"","format":"standard","meta":{"om_disable_all_campaigns":false,"_monsterinsights_skip_tracking":false,"_monsterinsights_sitenote_active":false,"_monsterinsights_sitenote_note":"","_monsterinsights_sitenote_category":0,"footnotes":""},"categories":[175],"tags":[223],"class_list":["post-65051","post","type-post","status-publish","format-standard","has-post-thumbnail","hentry","category-local","tag-puebla"],"amp_enabled":true,"_links":{"self":[{"href":"https:\/\/lahora.mx\/index.php\/wp-json\/wp\/v2\/posts\/65051","targetHints":{"allow":["GET"]}}],"collection":[{"href":"https:\/\/lahora.mx\/index.php\/wp-json\/wp\/v2\/posts"}],"about":[{"href":"https:\/\/lahora.mx\/index.php\/wp-json\/wp\/v2\/types\/post"}],"author":[{"embeddable":true,"href":"https:\/\/lahora.mx\/index.php\/wp-json\/wp\/v2\/users\/4"}],"replies":[{"embeddable":true,"href":"https:\/\/lahora.mx\/index.php\/wp-json\/wp\/v2\/comments?post=65051"}],"version-history":[{"count":1,"href":"https:\/\/lahora.mx\/index.php\/wp-json\/wp\/v2\/posts\/65051\/revisions"}],"predecessor-version":[{"id":65053,"href":"https:\/\/lahora.mx\/index.php\/wp-json\/wp\/v2\/posts\/65051\/revisions\/65053"}],"wp:featuredmedia":[{"embeddable":true,"href":"https:\/\/lahora.mx\/index.php\/wp-json\/wp\/v2\/media\/65052"}],"wp:attachment":[{"href":"https:\/\/lahora.mx\/index.php\/wp-json\/wp\/v2\/media?parent=65051"}],"wp:term":[{"taxonomy":"category","embeddable":true,"href":"https:\/\/lahora.mx\/index.php\/wp-json\/wp\/v2\/categories?post=65051"},{"taxonomy":"post_tag","embeddable":true,"href":"https:\/\/lahora.mx\/index.php\/wp-json\/wp\/v2\/tags?post=65051"}],"curies":[{"name":"wp","href":"https:\/\/api.w.org\/{rel}","templated":true}]}}