{"id":65045,"date":"2025-07-13T22:46:12","date_gmt":"2025-07-13T22:46:12","guid":{"rendered":"https:\/\/lahora.mx\/?p=65045"},"modified":"2025-07-13T22:46:12","modified_gmt":"2025-07-13T22:46:12","slug":"huejotzingo-sede-de-la-asamblea-voces-para-la-igualdad-y-contra-las-violencias","status":"publish","type":"post","link":"https:\/\/lahora.mx\/index.php\/2025\/07\/13\/huejotzingo-sede-de-la-asamblea-voces-para-la-igualdad-y-contra-las-violencias\/","title":{"rendered":"Huejotzingo, sede de la Asamblea \u00abVoces para la Igualdad y contra las Violencias\u00bb"},"content":{"rendered":"\n<p>El Municipio de Huejotzingo fue anfitri\u00f3n de la Asamblea \u00abVoces para la Igualdad y contra las Violencias\u00bb, un evento organizado por las Secretar\u00edas de las Mujeres del Gobierno de M\u00e9xico y del Estado de Puebla, en colaboraci\u00f3n con el Instituto Municipal de la Mujer. Este encuentro tuvo como prop\u00f3sito fortalecer el programa \u00abTejedoras de la Patria\u00bb, una red nacional que impulsa el liderazgo social y pol\u00edtico de las mujeres.<\/p>\n\n\n\n<p>La Secretaria Federal, Citlalli Hern\u00e1ndez Mora, destac\u00f3 que las reformas impulsadas por la Presidenta de la Rep\u00fablica, Claudia Sheinbaum Pardo, han elevado la igualdad sustantiva a rango constitucional. Sin embargo, enfatiz\u00f3 que a\u00fan queda una brecha por cerrar para garantizar plenamente este derecho.<\/p>\n\n\n\n<p>Por su parte, la Secretaria Estatal, Yadira Lira Navarro, subray\u00f3 la importancia de garantizar a las mujeres acceso a un trabajo digno, servicios de salud y una vida libre de violencia, como pilares fundamentales para su desarrollo.<\/p>\n\n\n\n<p>El Presidente Municipal, Roberto Sol\u00eds Valles, resalt\u00f3 la relevancia de crear espacios de di\u00e1logo como \u00e9ste y abog\u00f3 por fortalecer la vinculaci\u00f3n entre los Institutos Municipales de la Mujer y las escuelas para promover la igualdad desde la educaci\u00f3n.<\/p>\n\n\n\n<p>Asimismo, Shamy Spezia, Presidenta Honoraria del Sistema Municipal DIF, hizo un llamado a las mujeres a alzar la voz contra la violencia y buscar acompa\u00f1amiento, reafirmando su compromiso como aliada para quienes lo necesiten.<\/p>\n\n\n\n<p>El evento cont\u00f3 con la participaci\u00f3n de la Diputada Federal por el Distrito V, Rafaela Vianey Garc\u00eda Romero, y las Diputadas Locales Ana Laura G\u00f3mez Ram\u00edrez y Ang\u00e9lica Patricia Alvarado Ju\u00e1rez, quienes reforzaron el compromiso con las pol\u00edticas de igualdad y la erradicaci\u00f3n de la violencia de g\u00e9nero.<\/p>\n\n\n\n<p>Con esta asamblea, el Gobierno Municipal de Huejotzingo reitera su dedicaci\u00f3n a construir un Municipio m\u00e1s igualitario, donde las mujeres ejerzan plenamente sus derechos y vivan libres de violencia.<\/p>\n","protected":false},"excerpt":{"rendered":"<p>El Municipio de Huejotzingo fue anfitri\u00f3n de la Asamblea \u00abVoces para la Igualdad y contra las Violencias\u00bb, un evento organizado por las Secretar\u00edas de las Mujeres del Gobierno de M\u00e9xico y del Estado de Puebla, en colaboraci\u00f3n con el Instituto Municipal de la Mujer. Este encuentro tuvo como prop\u00f3sito fortalecer el programa \u00abTejedoras de la [&hellip;]<\/p>\n","protected":false},"author":4,"featured_media":65046,"comment_status":"open","ping_status":"open","sticky":false,"template":"","format":"standard","meta":{"om_disable_all_campaigns":false,"_monsterinsights_skip_tracking":false,"_monsterinsights_sitenote_active":false,"_monsterinsights_sitenote_note":"","_monsterinsights_sitenote_category":0,"footnotes":""},"categories":[175],"tags":[223],"class_list":["post-65045","post","type-post","status-publish","format-standard","has-post-thumbnail","hentry","category-local","tag-puebla"],"amp_enabled":true,"_links":{"self":[{"href":"https:\/\/lahora.mx\/index.php\/wp-json\/wp\/v2\/posts\/65045","targetHints":{"allow":["GET"]}}],"collection":[{"href":"https:\/\/lahora.mx\/index.php\/wp-json\/wp\/v2\/posts"}],"about":[{"href":"https:\/\/lahora.mx\/index.php\/wp-json\/wp\/v2\/types\/post"}],"author":[{"embeddable":true,"href":"https:\/\/lahora.mx\/index.php\/wp-json\/wp\/v2\/users\/4"}],"replies":[{"embeddable":true,"href":"https:\/\/lahora.mx\/index.php\/wp-json\/wp\/v2\/comments?post=65045"}],"version-history":[{"count":1,"href":"https:\/\/lahora.mx\/index.php\/wp-json\/wp\/v2\/posts\/65045\/revisions"}],"predecessor-version":[{"id":65047,"href":"https:\/\/lahora.mx\/index.php\/wp-json\/wp\/v2\/posts\/65045\/revisions\/65047"}],"wp:featuredmedia":[{"embeddable":true,"href":"https:\/\/lahora.mx\/index.php\/wp-json\/wp\/v2\/media\/65046"}],"wp:attachment":[{"href":"https:\/\/lahora.mx\/index.php\/wp-json\/wp\/v2\/media?parent=65045"}],"wp:term":[{"taxonomy":"category","embeddable":true,"href":"https:\/\/lahora.mx\/index.php\/wp-json\/wp\/v2\/categories?post=65045"},{"taxonomy":"post_tag","embeddable":true,"href":"https:\/\/lahora.mx\/index.php\/wp-json\/wp\/v2\/tags?post=65045"}],"curies":[{"name":"wp","href":"https:\/\/api.w.org\/{rel}","templated":true}]}}