{"id":65033,"date":"2025-07-13T16:53:31","date_gmt":"2025-07-13T16:53:31","guid":{"rendered":"https:\/\/lahora.mx\/?p=65033"},"modified":"2025-07-13T16:53:31","modified_gmt":"2025-07-13T16:53:31","slug":"granizada-causa-severos-danos-a-cultivos-en-comunidades-del-sur-de-atlixco","status":"publish","type":"post","link":"https:\/\/lahora.mx\/index.php\/2025\/07\/13\/granizada-causa-severos-danos-a-cultivos-en-comunidades-del-sur-de-atlixco\/","title":{"rendered":"Granizada causa severos da\u00f1os a cultivos en comunidades del sur de Atlixco"},"content":{"rendered":"\n<p>Las intensas lluvias y una fuerte granizada sorprendieron la noche de este s\u00e1bado a varias comunidades ubicadas en la zona sur de este municipio, confirmaron familias afectadas y autoridades locales.<br><br>El resultado de esa situaci\u00f3n climatol\u00f3gica son, hasta el momento, importantes afectaciones a cultivos de temporal y hortalizas.<\/p>\n\n\n\n<p>De acuerdo con los primeros reportes las comunidades m\u00e1s golpeadas son San Juan Castillotla, La Trinidad Tepango, La Sabana y San Diego Acapulco donde los productores ahora enfrentan la p\u00e9rdida parcial o total de sus cosechas.<\/p>\n\n\n\n<p>Aunque no se reportaron personas lesionadas tras la tormenta, s\u00ed se registraron severos da\u00f1os en parcelas de ma\u00edz, frijol y diversas hortalizas. Y eso podr\u00eda poner en riesgo la econom\u00eda de decenas de familias que dependen de estas actividades.<\/p>\n\n\n\n<p>Las autoridades exhortaron a los afectados a realizar el reporte correspondiente ante las instancias competentes para evaluar las p\u00e9rdidas y buscar posibles apoyos gubernamentales.<\/p>\n\n\n\n<p>Cabe destacar, de acuerdo con la Comisi\u00f3n Nacional del Agua (Conagua), en los \u00faltimos d\u00edas se presentaron lluvias at\u00edpicas y granizadas en diversas regiones de Puebla como consecuencia de la interacci\u00f3n de canales de baja presi\u00f3n con humedad del Golfo de M\u00e9xico. Y eso incrementa el riesgo de fen\u00f3menos similares en los pr\u00f3ximos d\u00edas.<\/p>\n","protected":false},"excerpt":{"rendered":"<p>Las intensas lluvias y una fuerte granizada sorprendieron la noche de este s\u00e1bado a varias comunidades ubicadas en la zona sur de este municipio, confirmaron familias afectadas y autoridades locales. El resultado de esa situaci\u00f3n climatol\u00f3gica son, hasta el momento, importantes afectaciones a cultivos de temporal y hortalizas. De acuerdo con los primeros reportes las [&hellip;]<\/p>\n","protected":false},"author":4,"featured_media":65034,"comment_status":"open","ping_status":"open","sticky":false,"template":"","format":"standard","meta":{"om_disable_all_campaigns":false,"_monsterinsights_skip_tracking":false,"_monsterinsights_sitenote_active":false,"_monsterinsights_sitenote_note":"","_monsterinsights_sitenote_category":0,"footnotes":""},"categories":[175],"tags":[223],"class_list":["post-65033","post","type-post","status-publish","format-standard","has-post-thumbnail","hentry","category-local","tag-puebla"],"amp_enabled":true,"_links":{"self":[{"href":"https:\/\/lahora.mx\/index.php\/wp-json\/wp\/v2\/posts\/65033","targetHints":{"allow":["GET"]}}],"collection":[{"href":"https:\/\/lahora.mx\/index.php\/wp-json\/wp\/v2\/posts"}],"about":[{"href":"https:\/\/lahora.mx\/index.php\/wp-json\/wp\/v2\/types\/post"}],"author":[{"embeddable":true,"href":"https:\/\/lahora.mx\/index.php\/wp-json\/wp\/v2\/users\/4"}],"replies":[{"embeddable":true,"href":"https:\/\/lahora.mx\/index.php\/wp-json\/wp\/v2\/comments?post=65033"}],"version-history":[{"count":1,"href":"https:\/\/lahora.mx\/index.php\/wp-json\/wp\/v2\/posts\/65033\/revisions"}],"predecessor-version":[{"id":65035,"href":"https:\/\/lahora.mx\/index.php\/wp-json\/wp\/v2\/posts\/65033\/revisions\/65035"}],"wp:featuredmedia":[{"embeddable":true,"href":"https:\/\/lahora.mx\/index.php\/wp-json\/wp\/v2\/media\/65034"}],"wp:attachment":[{"href":"https:\/\/lahora.mx\/index.php\/wp-json\/wp\/v2\/media?parent=65033"}],"wp:term":[{"taxonomy":"category","embeddable":true,"href":"https:\/\/lahora.mx\/index.php\/wp-json\/wp\/v2\/categories?post=65033"},{"taxonomy":"post_tag","embeddable":true,"href":"https:\/\/lahora.mx\/index.php\/wp-json\/wp\/v2\/tags?post=65033"}],"curies":[{"name":"wp","href":"https:\/\/api.w.org\/{rel}","templated":true}]}}