{"id":65027,"date":"2025-07-13T16:50:44","date_gmt":"2025-07-13T16:50:44","guid":{"rendered":"https:\/\/lahora.mx\/?p=65027"},"modified":"2025-07-13T16:50:45","modified_gmt":"2025-07-13T16:50:45","slug":"calpan-espera-hasta-cien-mil-visitantes-en-temporada-de-chile-en-nogada","status":"publish","type":"post","link":"https:\/\/lahora.mx\/index.php\/2025\/07\/13\/calpan-espera-hasta-cien-mil-visitantes-en-temporada-de-chile-en-nogada\/","title":{"rendered":"Calpan espera hasta cien mil visitantes en temporada de Chile en Nogada"},"content":{"rendered":"\n<p>El municipio de Calpan espera a m\u00e1s de cien mil visitantes durante la comercializaci\u00f3n del Chile en Nogada, venta que se inici\u00f3 desde este fin de semana en los diferentes restaurantes de esta localidad.<br><br>Adem\u00e1s 50 hogares abrir\u00e1n sus puertas para la venta de este platillo de temporada, y esperan que la derrama llegue a cada una de las familias del municipio.<\/p>\n\n\n\n<p>Lorena Bautista Blanca, de la casa de la \u201cTradici\u00f3n de los Abuelitos\u201d, Socorro Blanca Hern\u00e1ndez de \u201cMi Bello Calpan\u201d y Manuel Hern\u00e1ndez Marcos de \u201cIztacalli\u201d explicaron que la temporada de este producto se puso en marcha el pasado 15 de junio y quienes acudan a Calpan podr\u00e1n encontrar y saborear este platillo en las casas gastron\u00f3micas.<\/p>\n\n\n\n<p>Inform\u00f3 que la feria de este producto se pondr\u00e1 en marcha el primer fin de semana de agosto y hasta el 28 de ese mes donde podr\u00e1n degustar el chile en nogada en la explanada municipal, donde 35 expositoras se dar\u00e1n cita.<\/p>\n\n\n\n<p>Por el momento no tiene cuantificada la derrama econ\u00f3mica como tal y esperan que lleguen a este municipio a m\u00e1s de cien mil visitantes durante toda la temporada. Adem\u00e1s informe que se luch\u00f3 por mantener el precio del chile en nogada, ya que insumos como el huevo, aceite y nuez se elevaron considerablemente, pero esperan no afectar los bolsillos de los ciudadanos.<\/p>\n","protected":false},"excerpt":{"rendered":"<p>El municipio de Calpan espera a m\u00e1s de cien mil visitantes durante la comercializaci\u00f3n del Chile en Nogada, venta que se inici\u00f3 desde este fin de semana en los diferentes restaurantes de esta localidad. Adem\u00e1s 50 hogares abrir\u00e1n sus puertas para la venta de este platillo de temporada, y esperan que la derrama llegue a [&hellip;]<\/p>\n","protected":false},"author":4,"featured_media":65028,"comment_status":"open","ping_status":"open","sticky":false,"template":"","format":"standard","meta":{"om_disable_all_campaigns":false,"_monsterinsights_skip_tracking":false,"_monsterinsights_sitenote_active":false,"_monsterinsights_sitenote_note":"","_monsterinsights_sitenote_category":0,"footnotes":""},"categories":[3,175],"tags":[],"class_list":["post-65027","post","type-post","status-publish","format-standard","has-post-thumbnail","hentry","category-entretenimiento","category-local"],"amp_enabled":true,"_links":{"self":[{"href":"https:\/\/lahora.mx\/index.php\/wp-json\/wp\/v2\/posts\/65027","targetHints":{"allow":["GET"]}}],"collection":[{"href":"https:\/\/lahora.mx\/index.php\/wp-json\/wp\/v2\/posts"}],"about":[{"href":"https:\/\/lahora.mx\/index.php\/wp-json\/wp\/v2\/types\/post"}],"author":[{"embeddable":true,"href":"https:\/\/lahora.mx\/index.php\/wp-json\/wp\/v2\/users\/4"}],"replies":[{"embeddable":true,"href":"https:\/\/lahora.mx\/index.php\/wp-json\/wp\/v2\/comments?post=65027"}],"version-history":[{"count":1,"href":"https:\/\/lahora.mx\/index.php\/wp-json\/wp\/v2\/posts\/65027\/revisions"}],"predecessor-version":[{"id":65029,"href":"https:\/\/lahora.mx\/index.php\/wp-json\/wp\/v2\/posts\/65027\/revisions\/65029"}],"wp:featuredmedia":[{"embeddable":true,"href":"https:\/\/lahora.mx\/index.php\/wp-json\/wp\/v2\/media\/65028"}],"wp:attachment":[{"href":"https:\/\/lahora.mx\/index.php\/wp-json\/wp\/v2\/media?parent=65027"}],"wp:term":[{"taxonomy":"category","embeddable":true,"href":"https:\/\/lahora.mx\/index.php\/wp-json\/wp\/v2\/categories?post=65027"},{"taxonomy":"post_tag","embeddable":true,"href":"https:\/\/lahora.mx\/index.php\/wp-json\/wp\/v2\/tags?post=65027"}],"curies":[{"name":"wp","href":"https:\/\/api.w.org\/{rel}","templated":true}]}}