{"id":65024,"date":"2025-07-13T16:49:48","date_gmt":"2025-07-13T16:49:48","guid":{"rendered":"https:\/\/lahora.mx\/?p=65024"},"modified":"2025-07-13T16:49:49","modified_gmt":"2025-07-13T16:49:49","slug":"vuelca-camioneta-en-eje-poniente-en-izucar","status":"publish","type":"post","link":"https:\/\/lahora.mx\/index.php\/2025\/07\/13\/vuelca-camioneta-en-eje-poniente-en-izucar\/","title":{"rendered":"Vuelca camioneta en Eje Poniente en Iz\u00facar"},"content":{"rendered":"\n<p>La ma\u00f1ana de este s\u00e1bado se registr\u00f3 la volcadura de una camioneta en el Eje Poniente en el municipio de Iz\u00facar de Matamoros, a la altura de la Cruz Roja, dejando como saldo una persona lesionada y da\u00f1os materiales.<\/p>\n\n\n\n<p>Datos recabados indican que el conductor de la camioneta Tacoma color negro con placa de circulaci\u00f3n WB5069C, presuntamente iba en estado de ebriedad, por lo que perdi\u00f3 el control de la unidad al entra a la curva y se volc\u00f3.<\/p>\n\n\n\n<p>El impacto gener\u00f3 que de la unidad se dispararan las bolsas de aire, asimismo, al volcar justo afuera de la Cruz Roja este hombre inmediatamente fue sacado de la unidad, para ser atendido.<\/p>\n\n\n\n<p>Al lugar arribaron elementos de vialidad municipal, quienes remolcaron la unidad del lugar del accidente.<\/p>\n","protected":false},"excerpt":{"rendered":"<p>La ma\u00f1ana de este s\u00e1bado se registr\u00f3 la volcadura de una camioneta en el Eje Poniente en el municipio de Iz\u00facar de Matamoros, a la altura de la Cruz Roja, dejando como saldo una persona lesionada y da\u00f1os materiales. Datos recabados indican que el conductor de la camioneta Tacoma color negro con placa de circulaci\u00f3n [&hellip;]<\/p>\n","protected":false},"author":4,"featured_media":65025,"comment_status":"open","ping_status":"open","sticky":false,"template":"","format":"standard","meta":{"om_disable_all_campaigns":false,"_monsterinsights_skip_tracking":false,"_monsterinsights_sitenote_active":false,"_monsterinsights_sitenote_note":"","_monsterinsights_sitenote_category":0,"footnotes":""},"categories":[175],"tags":[223],"class_list":["post-65024","post","type-post","status-publish","format-standard","has-post-thumbnail","hentry","category-local","tag-puebla"],"amp_enabled":true,"_links":{"self":[{"href":"https:\/\/lahora.mx\/index.php\/wp-json\/wp\/v2\/posts\/65024","targetHints":{"allow":["GET"]}}],"collection":[{"href":"https:\/\/lahora.mx\/index.php\/wp-json\/wp\/v2\/posts"}],"about":[{"href":"https:\/\/lahora.mx\/index.php\/wp-json\/wp\/v2\/types\/post"}],"author":[{"embeddable":true,"href":"https:\/\/lahora.mx\/index.php\/wp-json\/wp\/v2\/users\/4"}],"replies":[{"embeddable":true,"href":"https:\/\/lahora.mx\/index.php\/wp-json\/wp\/v2\/comments?post=65024"}],"version-history":[{"count":1,"href":"https:\/\/lahora.mx\/index.php\/wp-json\/wp\/v2\/posts\/65024\/revisions"}],"predecessor-version":[{"id":65026,"href":"https:\/\/lahora.mx\/index.php\/wp-json\/wp\/v2\/posts\/65024\/revisions\/65026"}],"wp:featuredmedia":[{"embeddable":true,"href":"https:\/\/lahora.mx\/index.php\/wp-json\/wp\/v2\/media\/65025"}],"wp:attachment":[{"href":"https:\/\/lahora.mx\/index.php\/wp-json\/wp\/v2\/media?parent=65024"}],"wp:term":[{"taxonomy":"category","embeddable":true,"href":"https:\/\/lahora.mx\/index.php\/wp-json\/wp\/v2\/categories?post=65024"},{"taxonomy":"post_tag","embeddable":true,"href":"https:\/\/lahora.mx\/index.php\/wp-json\/wp\/v2\/tags?post=65024"}],"curies":[{"name":"wp","href":"https:\/\/api.w.org\/{rel}","templated":true}]}}