{"id":65021,"date":"2025-07-13T16:48:43","date_gmt":"2025-07-13T16:48:43","guid":{"rendered":"https:\/\/lahora.mx\/?p=65021"},"modified":"2025-07-13T16:48:44","modified_gmt":"2025-07-13T16:48:44","slug":"cholula-pueblo-magico-mantiene-el-primer-lugar-en-visitas","status":"publish","type":"post","link":"https:\/\/lahora.mx\/index.php\/2025\/07\/13\/cholula-pueblo-magico-mantiene-el-primer-lugar-en-visitas\/","title":{"rendered":"Cholula Pueblo M\u00e1gico mantiene el primer lugar en visitas"},"content":{"rendered":"\n<p>La titular de Desarrollo Tur\u00edstico en el estado, Carla L\u00f3pez Malo asegur\u00f3 que Cholula Pueblo M\u00e1gico se mantiene en el primer lugar de afluencia tur\u00edstica, y puntualiz\u00f3 que tan s\u00f3lo en este primer semestre del a\u00f1o Puebla recibi\u00f3 a m\u00e1s de 16 millones de visitantes y el reto es duplicar ese n\u00famero.<\/p>\n\n\n\n<p>Detall\u00f3 que los Pueblos M\u00e1gicos han sido fundamentales para generar atractivos para los visitantes y en reuni\u00f3n con los ediles municipales de los 12 Pueblos M\u00e1gicos trabaja se para fortalecer la oferta tur\u00edstica, pero sobre todo buscan incluir el turismo comunitario.<\/p>\n\n\n\n<p>\u201cQueremos que el centro del turismo de Puebla sean los artesanos, los productores, las cocineras tradicionales, gu\u00edas de turistas, hoteleros y restauranteros, todos los prestadores de servicios que reciben a los visitantes, trabajamos con ellos para capacitaciones y certificaciones, desarrollamos nuevos productos\u201d.<\/p>\n\n\n\n<p>Pero asever\u00f3 que, si bien tienen 12 municipios pueblos m\u00e1gicos, Puebla con 217 municipios que est\u00e1n llenos de magia, cultura y que los visitantes disfruten esa experiencia, manteniendo la cultura y tradiciones intactas.<\/p>\n\n\n\n<p>Indic\u00f3 que trabaja de la mano de Lupita Cuautle Torres, presidenta de San Andr\u00e9s Cholula para seguir impulsando la visita a este municipio.<\/p>\n","protected":false},"excerpt":{"rendered":"<p>La titular de Desarrollo Tur\u00edstico en el estado, Carla L\u00f3pez Malo asegur\u00f3 que Cholula Pueblo M\u00e1gico se mantiene en el primer lugar de afluencia tur\u00edstica, y puntualiz\u00f3 que tan s\u00f3lo en este primer semestre del a\u00f1o Puebla recibi\u00f3 a m\u00e1s de 16 millones de visitantes y el reto es duplicar ese n\u00famero. Detall\u00f3 que los [&hellip;]<\/p>\n","protected":false},"author":4,"featured_media":65022,"comment_status":"open","ping_status":"open","sticky":false,"template":"","format":"standard","meta":{"om_disable_all_campaigns":false,"_monsterinsights_skip_tracking":false,"_monsterinsights_sitenote_active":false,"_monsterinsights_sitenote_note":"","_monsterinsights_sitenote_category":0,"footnotes":""},"categories":[3],"tags":[234,223],"class_list":["post-65021","post","type-post","status-publish","format-standard","has-post-thumbnail","hentry","category-entretenimiento","tag-cholula","tag-puebla"],"amp_enabled":true,"_links":{"self":[{"href":"https:\/\/lahora.mx\/index.php\/wp-json\/wp\/v2\/posts\/65021","targetHints":{"allow":["GET"]}}],"collection":[{"href":"https:\/\/lahora.mx\/index.php\/wp-json\/wp\/v2\/posts"}],"about":[{"href":"https:\/\/lahora.mx\/index.php\/wp-json\/wp\/v2\/types\/post"}],"author":[{"embeddable":true,"href":"https:\/\/lahora.mx\/index.php\/wp-json\/wp\/v2\/users\/4"}],"replies":[{"embeddable":true,"href":"https:\/\/lahora.mx\/index.php\/wp-json\/wp\/v2\/comments?post=65021"}],"version-history":[{"count":1,"href":"https:\/\/lahora.mx\/index.php\/wp-json\/wp\/v2\/posts\/65021\/revisions"}],"predecessor-version":[{"id":65023,"href":"https:\/\/lahora.mx\/index.php\/wp-json\/wp\/v2\/posts\/65021\/revisions\/65023"}],"wp:featuredmedia":[{"embeddable":true,"href":"https:\/\/lahora.mx\/index.php\/wp-json\/wp\/v2\/media\/65022"}],"wp:attachment":[{"href":"https:\/\/lahora.mx\/index.php\/wp-json\/wp\/v2\/media?parent=65021"}],"wp:term":[{"taxonomy":"category","embeddable":true,"href":"https:\/\/lahora.mx\/index.php\/wp-json\/wp\/v2\/categories?post=65021"},{"taxonomy":"post_tag","embeddable":true,"href":"https:\/\/lahora.mx\/index.php\/wp-json\/wp\/v2\/tags?post=65021"}],"curies":[{"name":"wp","href":"https:\/\/api.w.org\/{rel}","templated":true}]}}