{"id":65018,"date":"2025-07-13T16:47:48","date_gmt":"2025-07-13T16:47:48","guid":{"rendered":"https:\/\/lahora.mx\/?p=65018"},"modified":"2025-07-13T16:47:49","modified_gmt":"2025-07-13T16:47:49","slug":"en-atlixco-arranca-el-emprendedor-fest","status":"publish","type":"post","link":"https:\/\/lahora.mx\/index.php\/2025\/07\/13\/en-atlixco-arranca-el-emprendedor-fest\/","title":{"rendered":"En Atlixco arranca el Emprendedor Fest"},"content":{"rendered":"\n<p>Este fin de semana arranc\u00f3 la edici\u00f3n 2025 del Emprendedor Fest Atlixco, un evento empresarial el cual re\u00fane a m\u00e1s de 25 expositores locales, en su mayor\u00eda j\u00f3venes, decididos a convertir sus ideas en negocios rentables.<br><br>El festival se instal\u00f3 en los jardines de la ex hacienda de San Mateo, uno de los espacios m\u00e1s emblem\u00e1ticos del municipio, y estar\u00e1 abierto al p\u00fablico s\u00e1bado y domingo de 11:00 a 18:00 horas.<\/p>\n\n\n\n<p>En este bazar rodante se pueden encontrar productos artesanales y de autor\u00eda local como ropa, tartas de chile en nogada, tenis, joyer\u00eda en miniatura, accesorios, productos de cuidado personal y helado artesanal de maracuy\u00e1.<\/p>\n\n\n\n<p>La iniciativa surgi\u00f3 tras la pandemia de COVID-19 cuando un grupo de j\u00f3venes atlixquenses decidi\u00f3 buscar formas alternativas de autoempleo y reactivaci\u00f3n econ\u00f3mica.<\/p>\n\n\n\n<p>Desde entonces el Emprendedor Fest creci\u00f3 y se consolid\u00f3 como una plataforma de econom\u00eda creativa y desarrollo local donde cada edici\u00f3n fortalece el comercio justo y el consumo consciente.<\/p>\n","protected":false},"excerpt":{"rendered":"<p>Este fin de semana arranc\u00f3 la edici\u00f3n 2025 del Emprendedor Fest Atlixco, un evento empresarial el cual re\u00fane a m\u00e1s de 25 expositores locales, en su mayor\u00eda j\u00f3venes, decididos a convertir sus ideas en negocios rentables. El festival se instal\u00f3 en los jardines de la ex hacienda de San Mateo, uno de los espacios m\u00e1s [&hellip;]<\/p>\n","protected":false},"author":4,"featured_media":65019,"comment_status":"open","ping_status":"open","sticky":false,"template":"","format":"standard","meta":{"om_disable_all_campaigns":false,"_monsterinsights_skip_tracking":false,"_monsterinsights_sitenote_active":false,"_monsterinsights_sitenote_note":"","_monsterinsights_sitenote_category":0,"footnotes":""},"categories":[3,175],"tags":[223],"class_list":["post-65018","post","type-post","status-publish","format-standard","has-post-thumbnail","hentry","category-entretenimiento","category-local","tag-puebla"],"amp_enabled":true,"_links":{"self":[{"href":"https:\/\/lahora.mx\/index.php\/wp-json\/wp\/v2\/posts\/65018","targetHints":{"allow":["GET"]}}],"collection":[{"href":"https:\/\/lahora.mx\/index.php\/wp-json\/wp\/v2\/posts"}],"about":[{"href":"https:\/\/lahora.mx\/index.php\/wp-json\/wp\/v2\/types\/post"}],"author":[{"embeddable":true,"href":"https:\/\/lahora.mx\/index.php\/wp-json\/wp\/v2\/users\/4"}],"replies":[{"embeddable":true,"href":"https:\/\/lahora.mx\/index.php\/wp-json\/wp\/v2\/comments?post=65018"}],"version-history":[{"count":1,"href":"https:\/\/lahora.mx\/index.php\/wp-json\/wp\/v2\/posts\/65018\/revisions"}],"predecessor-version":[{"id":65020,"href":"https:\/\/lahora.mx\/index.php\/wp-json\/wp\/v2\/posts\/65018\/revisions\/65020"}],"wp:featuredmedia":[{"embeddable":true,"href":"https:\/\/lahora.mx\/index.php\/wp-json\/wp\/v2\/media\/65019"}],"wp:attachment":[{"href":"https:\/\/lahora.mx\/index.php\/wp-json\/wp\/v2\/media?parent=65018"}],"wp:term":[{"taxonomy":"category","embeddable":true,"href":"https:\/\/lahora.mx\/index.php\/wp-json\/wp\/v2\/categories?post=65018"},{"taxonomy":"post_tag","embeddable":true,"href":"https:\/\/lahora.mx\/index.php\/wp-json\/wp\/v2\/tags?post=65018"}],"curies":[{"name":"wp","href":"https:\/\/api.w.org\/{rel}","templated":true}]}}