{"id":65014,"date":"2025-07-11T23:03:32","date_gmt":"2025-07-11T23:03:32","guid":{"rendered":"https:\/\/lahora.mx\/?p=65014"},"modified":"2025-07-11T23:03:33","modified_gmt":"2025-07-11T23:03:33","slug":"encabeza-la-rectora-lilia-cedillo-ramirez-convenio-de-colaboracion-con-la-secretaria-de-infraestructura-estatal","status":"publish","type":"post","link":"https:\/\/lahora.mx\/index.php\/2025\/07\/11\/encabeza-la-rectora-lilia-cedillo-ramirez-convenio-de-colaboracion-con-la-secretaria-de-infraestructura-estatal\/","title":{"rendered":"Encabeza la Rectora Lilia Cedillo Ram\u00edrez convenio de colaboraci\u00f3n con la Secretar\u00eda de Infraestructura estatal"},"content":{"rendered":"\n<p>Su titular, Jos\u00e9 Manuel Contreras de los Santos, agradeci\u00f3 la colaboraci\u00f3n y apertura de la BUAP<br>Para consolidar alianzas estrat\u00e9gicas en beneficio de los estudiantes y de la sociedad en general, la BUAP y la Secretar\u00eda de Infraestructura del Gobierno del Estado de Puebla signaron un convenio de colaboraci\u00f3n, que encabez\u00f3 la Rectora Lilia Cedillo Ram\u00edrez y el titular de esta dependencia, Jos\u00e9 Manuel Contreras de los Santos.<\/p>\n\n\n\n<p>Al tomar la palabra, la doctora Cedillo agradeci\u00f3 la confianza de la secretar\u00eda y su disposici\u00f3n para colaborar con la universidad. Refiri\u00f3 que en el acuerdo hay acciones rec\u00edprocas que fortalecer\u00e1n a las dos instituciones.<\/p>\n\n\n\n<p>Como parte de la alianza, las puertas de esta dependencia se abrir\u00e1n a los alumnos, quienes acceder\u00e1n a situaciones laborales reales con la idea adquirir habilidades blandas y nuevas oportunidades: \u201cEsta colaboraci\u00f3n dar\u00e1 sin duda muchos frutos; a trav\u00e9s de estas acciones daremos los primeros pasos en un camino largo, donde nos acompa\u00f1aremos mutuamente\u201d, expres\u00f3 la Rectora.<\/p>\n\n\n\n<p>Por su parte, el secretario de Infraestructura se\u00f1al\u00f3 que los cursos y diplomados de capacitaci\u00f3n que la universidad brindar\u00e1 a 90 de sus funcionarios, en una primera etapa, se traducir\u00e1 en un mejor servicio y atenci\u00f3n para los poblanos.<\/p>\n\n\n\n<p>\u201cAgradecemos que la BUAP siga siendo la cuna del conocimiento para miles de estudiantes y profesionales. Coincidimos con su lema: pensar bien para vivir mejor, esa excelencia es la que buscamos para hacer de Puebla un mejor estado\u201d, enfatiz\u00f3.<\/p>\n\n\n\n<p>Durante la firma, la Abogada General de la BUAP, Miriam Olga Ponce G\u00f3mez, detall\u00f3 que el convenio impulsar\u00e1 la formaci\u00f3n continua y la actualizaci\u00f3n profesional, adem\u00e1s de fortalecer la generaci\u00f3n de conocimiento aplicado al servicio mediante cursos, talleres y diplomados, tanto presenciales como en l\u00ednea, en beneficio de 90 funcionarios. Mientras que los alumnos podr\u00e1n realizar su servicio social y pr\u00e1cticas profesionales en la Secretar\u00eda de Infraestructura estatal.<\/p>\n\n\n\n<figure class=\"wp-block-embed\"><div class=\"wp-block-embed__wrapper\">\nhttps:\/\/www.boletin.buap.mx\/node\/3963\n<\/div><\/figure>\n","protected":false},"excerpt":{"rendered":"<p>Su titular, Jos\u00e9 Manuel Contreras de los Santos, agradeci\u00f3 la colaboraci\u00f3n y apertura de la BUAPPara consolidar alianzas estrat\u00e9gicas en beneficio de los estudiantes y de la sociedad en general, la BUAP y la Secretar\u00eda de Infraestructura del Gobierno del Estado de Puebla signaron un convenio de colaboraci\u00f3n, que encabez\u00f3 la Rectora Lilia Cedillo Ram\u00edrez [&hellip;]<\/p>\n","protected":false},"author":4,"featured_media":65015,"comment_status":"open","ping_status":"open","sticky":false,"template":"","format":"standard","meta":{"om_disable_all_campaigns":false,"_monsterinsights_skip_tracking":false,"_monsterinsights_sitenote_active":false,"_monsterinsights_sitenote_note":"","_monsterinsights_sitenote_category":0,"footnotes":""},"categories":[175],"tags":[186,223],"class_list":["post-65014","post","type-post","status-publish","format-standard","has-post-thumbnail","hentry","category-local","tag-buap","tag-puebla"],"amp_enabled":true,"_links":{"self":[{"href":"https:\/\/lahora.mx\/index.php\/wp-json\/wp\/v2\/posts\/65014","targetHints":{"allow":["GET"]}}],"collection":[{"href":"https:\/\/lahora.mx\/index.php\/wp-json\/wp\/v2\/posts"}],"about":[{"href":"https:\/\/lahora.mx\/index.php\/wp-json\/wp\/v2\/types\/post"}],"author":[{"embeddable":true,"href":"https:\/\/lahora.mx\/index.php\/wp-json\/wp\/v2\/users\/4"}],"replies":[{"embeddable":true,"href":"https:\/\/lahora.mx\/index.php\/wp-json\/wp\/v2\/comments?post=65014"}],"version-history":[{"count":1,"href":"https:\/\/lahora.mx\/index.php\/wp-json\/wp\/v2\/posts\/65014\/revisions"}],"predecessor-version":[{"id":65016,"href":"https:\/\/lahora.mx\/index.php\/wp-json\/wp\/v2\/posts\/65014\/revisions\/65016"}],"wp:featuredmedia":[{"embeddable":true,"href":"https:\/\/lahora.mx\/index.php\/wp-json\/wp\/v2\/media\/65015"}],"wp:attachment":[{"href":"https:\/\/lahora.mx\/index.php\/wp-json\/wp\/v2\/media?parent=65014"}],"wp:term":[{"taxonomy":"category","embeddable":true,"href":"https:\/\/lahora.mx\/index.php\/wp-json\/wp\/v2\/categories?post=65014"},{"taxonomy":"post_tag","embeddable":true,"href":"https:\/\/lahora.mx\/index.php\/wp-json\/wp\/v2\/tags?post=65014"}],"curies":[{"name":"wp","href":"https:\/\/api.w.org\/{rel}","templated":true}]}}