{"id":65008,"date":"2025-07-11T22:57:55","date_gmt":"2025-07-11T22:57:55","guid":{"rendered":"https:\/\/lahora.mx\/?p=65008"},"modified":"2025-07-11T22:57:56","modified_gmt":"2025-07-11T22:57:56","slug":"sep-confirma-vacaciones-de-verano-2025","status":"publish","type":"post","link":"https:\/\/lahora.mx\/index.php\/2025\/07\/11\/sep-confirma-vacaciones-de-verano-2025\/","title":{"rendered":"SEP confirma vacaciones de verano 2025"},"content":{"rendered":"\n<p>El fin del ciclo escolar se acerca, y con \u00e9l, la temporada de vacaciones de verano para chicos y chicas de preescolar, primaria y secundaria. Seg\u00fan el calendario oficial de la SEP, el inicio del receso ser\u00e1 el mi\u00e9rcoles 16 de julio de 2025, y se extender\u00e1 por 46 d\u00edas, es decir, m\u00e1s de seis semanas de descanso.<\/p>\n\n\n\n<p>\u00bfEn qu\u00e9 estados ya vacacionan?<br><br>Algunas entidades adelantaron el cierre del ciclo:<\/p>\n\n\n\n<p>En Yucat\u00e1n, el \u00faltimo d\u00eda de clases fue el viernes 11 de julio.<br>En Sonora, el ciclo concluy\u00f3 el 9 de julio.<br><br>En Guanajuato, fue el 15 de julio.<br>En cambio, en CDMX y Estado de M\u00e9xico, el receso inicia el mismo 16 de julio .<br><br>Cu\u00e1ndo regresan las clases?<br>El nuevo ciclo escolar 2025\u20112026 comenzar\u00e1 el lunes 1 de septiembre de 2025 y terminar\u00e1 el mi\u00e9rcoles 15 de julio de 2026, contemplando 185 d\u00edas efectivos de clase en educaci\u00f3n b\u00e1sica.<\/p>\n\n\n\n<p>M\u00e1s que un respiro: \u00bfqu\u00e9 hay detr\u00e1s?<br>Este descanso prolongado se suma a los cambios impulsados por la SEP con la semana extra de vacaciones aprobada en junio, como una forma de reconocer el desgaste tanto de alumnas y alumnos como de los docentes, quienes ahora tambi\u00e9n cuentan con mayor tiempo para planificaci\u00f3n, descanso o convivencias familiares.<\/p>\n\n\n\n<p>\u00bfQu\u00e9 sigue en el calendario escolar?<br>Adem\u00e1s de las vacaciones, el calendario contempla:<\/p>\n\n\n\n<p>Vacaciones de invierno: de 22 de diciembre de 2025 al 6 de enero de 2026.<br>Vacaciones de Semana Santa: del 30 de marzo al 10 de abril de 2026.<br>Tambi\u00e9n ocho sesiones de Consejo T\u00e9cnico Escolar (CTE), adem\u00e1s de varios d\u00edas de descanso oficiales por feriados nacionales<\/p>\n","protected":false},"excerpt":{"rendered":"<p>El fin del ciclo escolar se acerca, y con \u00e9l, la temporada de vacaciones de verano para chicos y chicas de preescolar, primaria y secundaria. Seg\u00fan el calendario oficial de la SEP, el inicio del receso ser\u00e1 el mi\u00e9rcoles 16 de julio de 2025, y se extender\u00e1 por 46 d\u00edas, es decir, m\u00e1s de seis [&hellip;]<\/p>\n","protected":false},"author":4,"featured_media":65009,"comment_status":"open","ping_status":"open","sticky":false,"template":"","format":"standard","meta":{"om_disable_all_campaigns":false,"_monsterinsights_skip_tracking":false,"_monsterinsights_sitenote_active":false,"_monsterinsights_sitenote_note":"","_monsterinsights_sitenote_category":0,"footnotes":""},"categories":[175,176],"tags":[195,223],"class_list":["post-65008","post","type-post","status-publish","format-standard","has-post-thumbnail","hentry","category-local","category-nacional","tag-principal","tag-puebla"],"amp_enabled":true,"_links":{"self":[{"href":"https:\/\/lahora.mx\/index.php\/wp-json\/wp\/v2\/posts\/65008","targetHints":{"allow":["GET"]}}],"collection":[{"href":"https:\/\/lahora.mx\/index.php\/wp-json\/wp\/v2\/posts"}],"about":[{"href":"https:\/\/lahora.mx\/index.php\/wp-json\/wp\/v2\/types\/post"}],"author":[{"embeddable":true,"href":"https:\/\/lahora.mx\/index.php\/wp-json\/wp\/v2\/users\/4"}],"replies":[{"embeddable":true,"href":"https:\/\/lahora.mx\/index.php\/wp-json\/wp\/v2\/comments?post=65008"}],"version-history":[{"count":1,"href":"https:\/\/lahora.mx\/index.php\/wp-json\/wp\/v2\/posts\/65008\/revisions"}],"predecessor-version":[{"id":65010,"href":"https:\/\/lahora.mx\/index.php\/wp-json\/wp\/v2\/posts\/65008\/revisions\/65010"}],"wp:featuredmedia":[{"embeddable":true,"href":"https:\/\/lahora.mx\/index.php\/wp-json\/wp\/v2\/media\/65009"}],"wp:attachment":[{"href":"https:\/\/lahora.mx\/index.php\/wp-json\/wp\/v2\/media?parent=65008"}],"wp:term":[{"taxonomy":"category","embeddable":true,"href":"https:\/\/lahora.mx\/index.php\/wp-json\/wp\/v2\/categories?post=65008"},{"taxonomy":"post_tag","embeddable":true,"href":"https:\/\/lahora.mx\/index.php\/wp-json\/wp\/v2\/tags?post=65008"}],"curies":[{"name":"wp","href":"https:\/\/api.w.org\/{rel}","templated":true}]}}