{"id":65005,"date":"2025-07-11T22:50:08","date_gmt":"2025-07-11T22:50:08","guid":{"rendered":"https:\/\/lahora.mx\/?p=65005"},"modified":"2025-07-11T22:50:08","modified_gmt":"2025-07-11T22:50:08","slug":"asiste-chedraui-al-encuentro-nacional-de-pueblos-magicos-en-san-cristobal-de-las-casas","status":"publish","type":"post","link":"https:\/\/lahora.mx\/index.php\/2025\/07\/11\/asiste-chedraui-al-encuentro-nacional-de-pueblos-magicos-en-san-cristobal-de-las-casas\/","title":{"rendered":"Asiste Chedraui al Encuentro Nacional de Pueblos M\u00e1gicos en San Crist\u00f3bal de las Casas"},"content":{"rendered":"\n<p>Al acudir al Encuentro Nacional de Pueblos M\u00e1gicos organizado por la Asociaci\u00f3n de Autoridades Locales de M\u00e9xico A.C. (AALMAC), el presidente municipal, Pepe Chedraui Budib, refrend\u00f3 su compromiso con el impulso al turismo cultural y sostenible.<br><br>En su calidad como coordinador estatal en Puebla de la AALMAC, el alcalde particip\u00f3 en las actividades programadas con autoridades de diversos municipios del pa\u00eds y comparti\u00f3 algunas de las experiencias con las y los asistentes.<\/p>\n\n\n\n<p>A su llegada, junto con otros ediles, fue recibido por la alcaldesa de San Crist\u00f3bal de las Casas, Fabiola Ricci, quien destac\u00f3 la importancia de compartir experiencias de trabajo a favor de la ciudadan\u00eda y, sobre todo, la colaboraci\u00f3n entre las autoridades que representan a los municipios tur\u00edsticos de todo el pa\u00eds.<\/p>\n\n\n\n<p>Este encuentro tuvo como finalidad promover el arte y la cultura de los pueblos m\u00e1gicos del pa\u00eds, con una visi\u00f3n de desarrollo sostenible, as\u00ed como afianzar lazos entre las autoridades locales para trabajar de manera coordinada y en proyectos en com\u00fan.<\/p>\n\n\n\n<p>Armando Quintero coordinador del titular del Instituto Nacional para el Federalismo y el Desarrollo Municipal, celebr\u00f3 la presencia de autoridades municipales en este encuentro que -asegur\u00f3- fortalecer\u00e1 el trabajo coordinado, el intercambio de experiencias, aprendizaje, buenas pr\u00e1cticas de gobierno, as\u00ed como pol\u00edticas p\u00fablicas eficaces honradas en beneficio de las comunidades.<\/p>\n\n\n\n<p>Mantente al tanto de todas las noticias de Puebla y el mundo. Haz clic aqu\u00ed para seguir explorando nuestro portal.<\/p>\n","protected":false},"excerpt":{"rendered":"<p>Al acudir al Encuentro Nacional de Pueblos M\u00e1gicos organizado por la Asociaci\u00f3n de Autoridades Locales de M\u00e9xico A.C. (AALMAC), el presidente municipal, Pepe Chedraui Budib, refrend\u00f3 su compromiso con el impulso al turismo cultural y sostenible. En su calidad como coordinador estatal en Puebla de la AALMAC, el alcalde particip\u00f3 en las actividades programadas con [&hellip;]<\/p>\n","protected":false},"author":4,"featured_media":65006,"comment_status":"open","ping_status":"open","sticky":false,"template":"","format":"standard","meta":{"om_disable_all_campaigns":false,"_monsterinsights_skip_tracking":false,"_monsterinsights_sitenote_active":false,"_monsterinsights_sitenote_note":"","_monsterinsights_sitenote_category":0,"footnotes":""},"categories":[175],"tags":[223],"class_list":["post-65005","post","type-post","status-publish","format-standard","has-post-thumbnail","hentry","category-local","tag-puebla"],"amp_enabled":true,"_links":{"self":[{"href":"https:\/\/lahora.mx\/index.php\/wp-json\/wp\/v2\/posts\/65005","targetHints":{"allow":["GET"]}}],"collection":[{"href":"https:\/\/lahora.mx\/index.php\/wp-json\/wp\/v2\/posts"}],"about":[{"href":"https:\/\/lahora.mx\/index.php\/wp-json\/wp\/v2\/types\/post"}],"author":[{"embeddable":true,"href":"https:\/\/lahora.mx\/index.php\/wp-json\/wp\/v2\/users\/4"}],"replies":[{"embeddable":true,"href":"https:\/\/lahora.mx\/index.php\/wp-json\/wp\/v2\/comments?post=65005"}],"version-history":[{"count":1,"href":"https:\/\/lahora.mx\/index.php\/wp-json\/wp\/v2\/posts\/65005\/revisions"}],"predecessor-version":[{"id":65007,"href":"https:\/\/lahora.mx\/index.php\/wp-json\/wp\/v2\/posts\/65005\/revisions\/65007"}],"wp:featuredmedia":[{"embeddable":true,"href":"https:\/\/lahora.mx\/index.php\/wp-json\/wp\/v2\/media\/65006"}],"wp:attachment":[{"href":"https:\/\/lahora.mx\/index.php\/wp-json\/wp\/v2\/media?parent=65005"}],"wp:term":[{"taxonomy":"category","embeddable":true,"href":"https:\/\/lahora.mx\/index.php\/wp-json\/wp\/v2\/categories?post=65005"},{"taxonomy":"post_tag","embeddable":true,"href":"https:\/\/lahora.mx\/index.php\/wp-json\/wp\/v2\/tags?post=65005"}],"curies":[{"name":"wp","href":"https:\/\/api.w.org\/{rel}","templated":true}]}}