{"id":65002,"date":"2025-07-11T22:48:45","date_gmt":"2025-07-11T22:48:45","guid":{"rendered":"https:\/\/lahora.mx\/?p=65002"},"modified":"2025-07-11T22:48:46","modified_gmt":"2025-07-11T22:48:46","slug":"la-buap-adelantara-resultados-del-examen-de-admision-2025","status":"publish","type":"post","link":"https:\/\/lahora.mx\/index.php\/2025\/07\/11\/la-buap-adelantara-resultados-del-examen-de-admision-2025\/","title":{"rendered":"La BUAP adelantar\u00e1 resultados del examen de Admisi\u00f3n 2025"},"content":{"rendered":"\n<p>La Benem\u00e9rita Universidad Aut\u00f3noma de Puebla (BUAP) dio a conocer que estar\u00e1 adelantando los resultados del examen de Admisi\u00f3n 2025, los cuales ser\u00e1 publicados el pr\u00f3ximo lunes 21 de julio.<br><br>Por medio de sus redes sociales, la M\u00e1xima Casa de Estudios en el Estado de Puebla anunci\u00f3 lo anterior y pide a los j\u00f3venes que est\u00e9n listo los cuales ser\u00e1n compartidos en la fecha antes descrita a partir de las 10:00 horas por medio de sus canales oficiales.<\/p>\n\n\n\n<p>Se\u00f1ala que con base al fundamento en los art\u00edculos 1, 3 y 5, fracci\u00f3n VIII, de la Ley de la BUAP, as\u00ed como en los puntos generales actas Convocatorias de Registro del Proceso de Admisi\u00f3n, publicadas el cuatro de abril de 2025, para los programas del Nivel Medio Superior y Superior, se informa:<\/p>\n\n\n\n<p>\u201cConsiderando que los pasos respectivos concluyeron satisfactoriamente y previo an\u00e1lisis de la Comisi\u00f3n Institucional de Admisi\u00f3n; se determin\u00f3 cambiar la publicaci\u00f3n de resultados del Proceso de Admisi\u00f3n, en consecuencia, se dar\u00e1n a conocer a partir de las 10:00 horas del 21 de julio del 2025, conforme a los requisitos de las Convocatorias de Inscripci\u00f3n\u201d, apunta la BUAP.<\/p>\n\n\n\n<p>Agrega que para dicho fin, las y los interesados deben consultar en: http:\/\/www.autoservicios.buap.mx en el apartado \u201cAdmisi\u00f3n 2025\u201d. Ingresa con el usuario y contrase\u00f1a que generaste en el \u00abPASO 1\u201d de tu Registro.<\/p>\n","protected":false},"excerpt":{"rendered":"<p>La Benem\u00e9rita Universidad Aut\u00f3noma de Puebla (BUAP) dio a conocer que estar\u00e1 adelantando los resultados del examen de Admisi\u00f3n 2025, los cuales ser\u00e1 publicados el pr\u00f3ximo lunes 21 de julio. Por medio de sus redes sociales, la M\u00e1xima Casa de Estudios en el Estado de Puebla anunci\u00f3 lo anterior y pide a los j\u00f3venes que [&hellip;]<\/p>\n","protected":false},"author":4,"featured_media":65003,"comment_status":"open","ping_status":"open","sticky":false,"template":"","format":"standard","meta":{"om_disable_all_campaigns":false,"_monsterinsights_skip_tracking":false,"_monsterinsights_sitenote_active":false,"_monsterinsights_sitenote_note":"","_monsterinsights_sitenote_category":0,"footnotes":""},"categories":[175],"tags":[195,223],"class_list":["post-65002","post","type-post","status-publish","format-standard","has-post-thumbnail","hentry","category-local","tag-principal","tag-puebla"],"amp_enabled":true,"_links":{"self":[{"href":"https:\/\/lahora.mx\/index.php\/wp-json\/wp\/v2\/posts\/65002","targetHints":{"allow":["GET"]}}],"collection":[{"href":"https:\/\/lahora.mx\/index.php\/wp-json\/wp\/v2\/posts"}],"about":[{"href":"https:\/\/lahora.mx\/index.php\/wp-json\/wp\/v2\/types\/post"}],"author":[{"embeddable":true,"href":"https:\/\/lahora.mx\/index.php\/wp-json\/wp\/v2\/users\/4"}],"replies":[{"embeddable":true,"href":"https:\/\/lahora.mx\/index.php\/wp-json\/wp\/v2\/comments?post=65002"}],"version-history":[{"count":1,"href":"https:\/\/lahora.mx\/index.php\/wp-json\/wp\/v2\/posts\/65002\/revisions"}],"predecessor-version":[{"id":65004,"href":"https:\/\/lahora.mx\/index.php\/wp-json\/wp\/v2\/posts\/65002\/revisions\/65004"}],"wp:featuredmedia":[{"embeddable":true,"href":"https:\/\/lahora.mx\/index.php\/wp-json\/wp\/v2\/media\/65003"}],"wp:attachment":[{"href":"https:\/\/lahora.mx\/index.php\/wp-json\/wp\/v2\/media?parent=65002"}],"wp:term":[{"taxonomy":"category","embeddable":true,"href":"https:\/\/lahora.mx\/index.php\/wp-json\/wp\/v2\/categories?post=65002"},{"taxonomy":"post_tag","embeddable":true,"href":"https:\/\/lahora.mx\/index.php\/wp-json\/wp\/v2\/tags?post=65002"}],"curies":[{"name":"wp","href":"https:\/\/api.w.org\/{rel}","templated":true}]}}