{"id":64990,"date":"2025-07-11T18:57:36","date_gmt":"2025-07-11T18:57:36","guid":{"rendered":"https:\/\/lahora.mx\/?p=64990"},"modified":"2025-07-11T18:57:37","modified_gmt":"2025-07-11T18:57:37","slug":"puebla-amanece-este-viernes-con-dia-nublado","status":"publish","type":"post","link":"https:\/\/lahora.mx\/index.php\/2025\/07\/11\/puebla-amanece-este-viernes-con-dia-nublado\/","title":{"rendered":"Puebla amanece este viernes con d\u00eda nublado"},"content":{"rendered":"\n<p>Se mantienen los d\u00edas nublados durante este mes de julio, ya que debido a la entrada de la Onda Tropical 11 las lluvias seguir\u00e1n presentes en gran parte del territorio nacional y de Puebla.<br><br>La mayor\u00eda de las personas que han salido a realizar sus actividades a primera hora este viernes 11 de julio lo han hecho con alguna chamarra y van prevenidos por si al rato los agarra la lluvia.<\/p>\n\n\n\n<p>De acuerdo a la Coordinaci\u00f3n General de Protecci\u00f3n Civil y Gesti\u00f3n del Riesgo de Desastres del Estado de Puebla, se espera un ambiente templado a lo largo de este viernes.<\/p>\n\n\n\n<p>En el d\u00eda se prev\u00e9n lluvias de ligera a moderada intensidad, actividad el\u00e9ctrica y probabilidad de ca\u00edda de granizo, sobre Atlixco, Angel\u00f3polis, Valles Centrales, las Sierras Norte, Nororiental y Negra.<\/p>\n\n\n\n<p>Habr\u00e1 vientos de componente sureste de 30 a 35 km\/h en la mayor parte del estado, por lo que se pide a las personas extremen precauciones.<\/p>\n\n\n\n<p>Para este viernes, se pronostican lluvias puntuales muy fuertes (de 50 a 75 mil\u00edmetros [mm]) en Sonora, Chihuahua, San Luis Potos\u00ed, Jalisco, Guanajuato, Quer\u00e9taro, Hidalgo, Tlaxcala, Puebla, Guerrero, Oaxaca y Chiapas; fuertes (de 25 a 50 mm) en Nuevo Le\u00f3n, Tamaulipas, Durango, Sinaloa, Nayarit, Zacatecas, Aguascalientes, Colima, Michoac\u00e1n, Estado de M\u00e9xico, Veracruz, Campeche y Yucat\u00e1n; chubascos (de 5 a 25 mm) en Coahuila, Ciudad de M\u00e9xico, Morelos, Tabasco y Quintana Roo, as\u00ed como lluvias aisladas (de 0.1 a 5 mm) en Baja California Sur.<\/p>\n","protected":false},"excerpt":{"rendered":"<p>Se mantienen los d\u00edas nublados durante este mes de julio, ya que debido a la entrada de la Onda Tropical 11 las lluvias seguir\u00e1n presentes en gran parte del territorio nacional y de Puebla. La mayor\u00eda de las personas que han salido a realizar sus actividades a primera hora este viernes 11 de julio lo [&hellip;]<\/p>\n","protected":false},"author":4,"featured_media":64991,"comment_status":"open","ping_status":"open","sticky":false,"template":"","format":"standard","meta":{"om_disable_all_campaigns":false,"_monsterinsights_skip_tracking":false,"_monsterinsights_sitenote_active":false,"_monsterinsights_sitenote_note":"","_monsterinsights_sitenote_category":0,"footnotes":""},"categories":[175],"tags":[195,223],"class_list":["post-64990","post","type-post","status-publish","format-standard","has-post-thumbnail","hentry","category-local","tag-principal","tag-puebla"],"amp_enabled":true,"_links":{"self":[{"href":"https:\/\/lahora.mx\/index.php\/wp-json\/wp\/v2\/posts\/64990","targetHints":{"allow":["GET"]}}],"collection":[{"href":"https:\/\/lahora.mx\/index.php\/wp-json\/wp\/v2\/posts"}],"about":[{"href":"https:\/\/lahora.mx\/index.php\/wp-json\/wp\/v2\/types\/post"}],"author":[{"embeddable":true,"href":"https:\/\/lahora.mx\/index.php\/wp-json\/wp\/v2\/users\/4"}],"replies":[{"embeddable":true,"href":"https:\/\/lahora.mx\/index.php\/wp-json\/wp\/v2\/comments?post=64990"}],"version-history":[{"count":1,"href":"https:\/\/lahora.mx\/index.php\/wp-json\/wp\/v2\/posts\/64990\/revisions"}],"predecessor-version":[{"id":64992,"href":"https:\/\/lahora.mx\/index.php\/wp-json\/wp\/v2\/posts\/64990\/revisions\/64992"}],"wp:featuredmedia":[{"embeddable":true,"href":"https:\/\/lahora.mx\/index.php\/wp-json\/wp\/v2\/media\/64991"}],"wp:attachment":[{"href":"https:\/\/lahora.mx\/index.php\/wp-json\/wp\/v2\/media?parent=64990"}],"wp:term":[{"taxonomy":"category","embeddable":true,"href":"https:\/\/lahora.mx\/index.php\/wp-json\/wp\/v2\/categories?post=64990"},{"taxonomy":"post_tag","embeddable":true,"href":"https:\/\/lahora.mx\/index.php\/wp-json\/wp\/v2\/tags?post=64990"}],"curies":[{"name":"wp","href":"https:\/\/api.w.org\/{rel}","templated":true}]}}