{"id":64987,"date":"2025-07-11T18:06:34","date_gmt":"2025-07-11T18:06:34","guid":{"rendered":"https:\/\/lahora.mx\/?p=64987"},"modified":"2025-07-11T18:06:34","modified_gmt":"2025-07-11T18:06:34","slug":"patronato-del-sedif-refuerza-acciones-por-el-bienestar-poblano","status":"publish","type":"post","link":"https:\/\/lahora.mx\/index.php\/2025\/07\/11\/patronato-del-sedif-refuerza-acciones-por-el-bienestar-poblano\/","title":{"rendered":"Patronato del SEDIF refuerza acciones por el bienestar poblano"},"content":{"rendered":"\n<p>El Sistema Estatal para el Desarrollo Integral de la Familia (SEDIF) llev\u00f3 a cabo la Segunda Sesi\u00f3n Ordinaria del Patronato, con el objetivo de consolidar nuevas estrategias y fortalecer el impacto de los programas sociales que benefician a las y los poblanos en situaci\u00f3n de vulnerabilidad.<br><br>Durante la jornada, las y los integrantes del Patronato revisaron avances, propusieron nuevos proyectos y fortalecieron alianzas para ampliar el alcance del SEDIF en los 217 municipios del estado. El trabajo que impulsa este cuerpo colegiado no solo respalda pol\u00edticas sociales, tambi\u00e9n contribuye a fortalecer la seguridad emocional, comunitaria y humana de ni\u00f1as, ni\u00f1os, mujeres, personas adultas mayores y familias enteras.<\/p>\n\n\n\n<p>La presidenta del Patronato del SEDIF, Ceci Arellano, agradeci\u00f3 la entrega de cada integrante y reconoci\u00f3 su tiempo y compromiso, los cuales han sido clave para materializar proyectos que mejoran vidas. Subray\u00f3 que, aunque los desaf\u00edos son muchos, cada acci\u00f3n coordinada representa esperanza para quien m\u00e1s lo necesita.<\/p>\n\n\n\n<p>Ceci Arellano destac\u00f3 que este acompa\u00f1amiento solidario, respaldado por el Gobierno del Estado de Puebla y el liderazgo del gobernador Alejandro Armenta, refleja una visi\u00f3n de trabajo con sentido humano, responsabilidad social y profunda cercan\u00eda con las causas que defiende el SEDIF.<\/p>\n\n\n\n<p>Por su parte, el director general del Sistema Estatal DIF, Juan Carlos Valdez Zayas, particip\u00f3 tambi\u00e9n en esta sesi\u00f3n junto con integrantes del Patronato del SEDIF Puebla, entre los que se encuentra la representante ante la Junta Directiva, Mar\u00eda del Mar Alonso Priede; la tesorera y representante suplente ante la Junta Directiva, Olga M\u00e9ndez Ju\u00e1rez; las y los vocales, Coral Castillo, Ana Patricia Montero Rosano, Fernando Guzm\u00e1n Bret\u00f3n, C\u00e9sar Bonilla Yunes, Antonio Yitani, C\u00e9sar Arcos Gonz\u00e1lez y Beatriz Camacho Ru\u00edz.<\/p>\n\n\n\n<p>El Patronato del SEDIF reafirma su compromiso de trabajar en unidad para generar impacto real, sostenible y cercano, que transforme la vida de las personas con mayor necesidad. Cada sesi\u00f3n refleja el esp\u00edritu que gu\u00eda a este organismo: trabajar con amor, responsabilidad y visi\u00f3n social. Porque en el SEDIF cada acci\u00f3n nace del coraz\u00f3n.<\/p>\n","protected":false},"excerpt":{"rendered":"<p>El Sistema Estatal para el Desarrollo Integral de la Familia (SEDIF) llev\u00f3 a cabo la Segunda Sesi\u00f3n Ordinaria del Patronato, con el objetivo de consolidar nuevas estrategias y fortalecer el impacto de los programas sociales que benefician a las y los poblanos en situaci\u00f3n de vulnerabilidad. Durante la jornada, las y los integrantes del Patronato [&hellip;]<\/p>\n","protected":false},"author":4,"featured_media":64988,"comment_status":"open","ping_status":"open","sticky":false,"template":"","format":"standard","meta":{"om_disable_all_campaigns":false,"_monsterinsights_skip_tracking":false,"_monsterinsights_sitenote_active":false,"_monsterinsights_sitenote_note":"","_monsterinsights_sitenote_category":0,"footnotes":""},"categories":[175],"tags":[223],"class_list":["post-64987","post","type-post","status-publish","format-standard","has-post-thumbnail","hentry","category-local","tag-puebla"],"amp_enabled":true,"_links":{"self":[{"href":"https:\/\/lahora.mx\/index.php\/wp-json\/wp\/v2\/posts\/64987","targetHints":{"allow":["GET"]}}],"collection":[{"href":"https:\/\/lahora.mx\/index.php\/wp-json\/wp\/v2\/posts"}],"about":[{"href":"https:\/\/lahora.mx\/index.php\/wp-json\/wp\/v2\/types\/post"}],"author":[{"embeddable":true,"href":"https:\/\/lahora.mx\/index.php\/wp-json\/wp\/v2\/users\/4"}],"replies":[{"embeddable":true,"href":"https:\/\/lahora.mx\/index.php\/wp-json\/wp\/v2\/comments?post=64987"}],"version-history":[{"count":1,"href":"https:\/\/lahora.mx\/index.php\/wp-json\/wp\/v2\/posts\/64987\/revisions"}],"predecessor-version":[{"id":64989,"href":"https:\/\/lahora.mx\/index.php\/wp-json\/wp\/v2\/posts\/64987\/revisions\/64989"}],"wp:featuredmedia":[{"embeddable":true,"href":"https:\/\/lahora.mx\/index.php\/wp-json\/wp\/v2\/media\/64988"}],"wp:attachment":[{"href":"https:\/\/lahora.mx\/index.php\/wp-json\/wp\/v2\/media?parent=64987"}],"wp:term":[{"taxonomy":"category","embeddable":true,"href":"https:\/\/lahora.mx\/index.php\/wp-json\/wp\/v2\/categories?post=64987"},{"taxonomy":"post_tag","embeddable":true,"href":"https:\/\/lahora.mx\/index.php\/wp-json\/wp\/v2\/tags?post=64987"}],"curies":[{"name":"wp","href":"https:\/\/api.w.org\/{rel}","templated":true}]}}