{"id":64984,"date":"2025-07-11T17:44:07","date_gmt":"2025-07-11T17:44:07","guid":{"rendered":"https:\/\/lahora.mx\/?p=64984"},"modified":"2025-07-11T17:44:08","modified_gmt":"2025-07-11T17:44:08","slug":"seguridad-y-bienestar-con-uso-eficiente-de-recursos-gobierno-de-puebla","status":"publish","type":"post","link":"https:\/\/lahora.mx\/index.php\/2025\/07\/11\/seguridad-y-bienestar-con-uso-eficiente-de-recursos-gobierno-de-puebla\/","title":{"rendered":"Seguridad y bienestar con uso eficiente de recursos: Gobierno de Puebla"},"content":{"rendered":"\n<p>El gobernador Alejandro Armenta afirm\u00f3 que corresponde a todas y a todos, sociedad y gobierno, el embellecimiento de Puebla, con el uso eficiente de recursos que fortalezcan la seguridad. Por ello, en la administraci\u00f3n estatal se invierte en programas que mejoran los espacios p\u00fablicos, que por a\u00f1os estuvieron abandonados.<br><br>Refrend\u00f3 su compromiso de invertir en la gran obra que representa el Estado de Puebla, con programas como el de Mantenimiento Permanente, en coordinaci\u00f3n con la y los presidentes municipales, a quienes hizo un nuevo exhorto para que administren sus recursos de manera eficiente, como lo establece el art\u00edculo 115 Constitucional y fortalecer acciones que les corresponden como agua potable, drenaje, alumbrado p\u00fablico y recolecci\u00f3n de basura.<\/p>\n\n\n\n<p>El gobernador Alejandro Armenta reafirm\u00f3 que el humanismo mexicano hay que llevarlo en acci\u00f3n y no solo en palabra. \u00abEstamos apoyando, nosotros ayudamos porque nos dejaron Puebla asquerosa\u00bb.<\/p>\n\n\n\n<p>Sumados al programa federal Senderos de Paz, que encabeza la presidenta de M\u00e9xico, Claudia Sheinbaum, el Secretario de Infraestructura, Manuel Contreras de los Santos, indic\u00f3 que desde la dependencia que encabeza hacen de las v\u00edas de comunicaci\u00f3n espacios seguros para la poblaci\u00f3n.<\/p>\n\n\n\n<p>Record\u00f3 que contin\u00faan trabajando ante la presencia de baches en la capital de Puebla y puso a disposici\u00f3n la l\u00ednea de Bachecel 22 26 51 30 45, para atender las solicitudes de la poblaci\u00f3n.<\/p>\n\n\n\n<p>El coordinador del Programa Estatal de Mantenimiento Permanente de la Secretar\u00eda de Infraestructura, Israel Pacheco, inform\u00f3 que se han realizado 44 acciones en 42 puntos, los trabajos incluyen la poda de m\u00e1s 3 millones de metros cuadrados en \u00e1reas verdes, equivalente a 452 canchas de f\u00fatbol profesional; se retiraron m\u00e1s de 46 mil metros cuadrados de maleza en muros y puentes, lo que representa 110 canchas de basquetbol.<\/p>\n\n\n\n<p>Adem\u00e1s, se ejecutaron m\u00e1s de 595 mil metros cuadros de limpieza general de obra, 24 mil acciones de poda y calado en \u00e1rboles; aplicaci\u00f3n de pintura antigrafiti por m\u00e1s de 7 mil 217 metros cuadrados, as\u00ed como colocaci\u00f3n en guarniciones y l\u00edneas peatonales en m\u00e1s de 267 mil metros. Asimismo, Israel Pacheco se\u00f1al\u00f3 que realizaron el desazolve y limpieza en 489 piezas de alcantarillado y el tiro y reforestaci\u00f3n de 874 \u00e1rboles.<\/p>\n\n\n\n<p>Entre los puntos que se han atendido resalt\u00f3 los Distribuidores de la Autopista M\u00e9xico-Puebla y Perif\u00e9rico Ecol\u00f3gico; la Carretera Federal a Tlaxcala y la autopista M\u00e9xico-Puebla; la Calzada Zaragoza, Perif\u00e9rico Ecol\u00f3gico y Recta Cholula; V\u00eda Atlixc\u00e1yotl y Perif\u00e9rico Ecol\u00f3gico; Distribuidor Municipio Libre y Federal Atlixco; Perif\u00e9rico Ecol\u00f3gico y Valsequillo; as\u00ed como Federal a Tehuac\u00e1n y Perif\u00e9rico Ecol\u00f3gico.<\/p>\n\n\n\n<p>Por \u00faltimo, referente al Programa Bachet\u00f3n, coment\u00f3 que del 5 de junio a la fecha se han tapado 5 mil 617 baches, en 17 avenidas primarias y secundarias de la ciudad, con la aplicaci\u00f3n de 3 mil 120 toneladas de mezcla asf\u00e1ltica en caliente y fr\u00edo, lo que representa mil 471 metros c\u00fabicos. Puntualiz\u00f3 que, para brindar una mayor respuesta, a partir de esta semana se incrementa a 20 cuadrillas, cinco por cada cuadrante.<\/p>\n","protected":false},"excerpt":{"rendered":"<p>El gobernador Alejandro Armenta afirm\u00f3 que corresponde a todas y a todos, sociedad y gobierno, el embellecimiento de Puebla, con el uso eficiente de recursos que fortalezcan la seguridad. Por ello, en la administraci\u00f3n estatal se invierte en programas que mejoran los espacios p\u00fablicos, que por a\u00f1os estuvieron abandonados. Refrend\u00f3 su compromiso de invertir en [&hellip;]<\/p>\n","protected":false},"author":4,"featured_media":64985,"comment_status":"open","ping_status":"open","sticky":false,"template":"","format":"standard","meta":{"om_disable_all_campaigns":false,"_monsterinsights_skip_tracking":false,"_monsterinsights_sitenote_active":false,"_monsterinsights_sitenote_note":"","_monsterinsights_sitenote_category":0,"footnotes":""},"categories":[175],"tags":[239,195,223],"class_list":["post-64984","post","type-post","status-publish","format-standard","has-post-thumbnail","hentry","category-local","tag-gobierno","tag-principal","tag-puebla"],"amp_enabled":true,"_links":{"self":[{"href":"https:\/\/lahora.mx\/index.php\/wp-json\/wp\/v2\/posts\/64984","targetHints":{"allow":["GET"]}}],"collection":[{"href":"https:\/\/lahora.mx\/index.php\/wp-json\/wp\/v2\/posts"}],"about":[{"href":"https:\/\/lahora.mx\/index.php\/wp-json\/wp\/v2\/types\/post"}],"author":[{"embeddable":true,"href":"https:\/\/lahora.mx\/index.php\/wp-json\/wp\/v2\/users\/4"}],"replies":[{"embeddable":true,"href":"https:\/\/lahora.mx\/index.php\/wp-json\/wp\/v2\/comments?post=64984"}],"version-history":[{"count":1,"href":"https:\/\/lahora.mx\/index.php\/wp-json\/wp\/v2\/posts\/64984\/revisions"}],"predecessor-version":[{"id":64986,"href":"https:\/\/lahora.mx\/index.php\/wp-json\/wp\/v2\/posts\/64984\/revisions\/64986"}],"wp:featuredmedia":[{"embeddable":true,"href":"https:\/\/lahora.mx\/index.php\/wp-json\/wp\/v2\/media\/64985"}],"wp:attachment":[{"href":"https:\/\/lahora.mx\/index.php\/wp-json\/wp\/v2\/media?parent=64984"}],"wp:term":[{"taxonomy":"category","embeddable":true,"href":"https:\/\/lahora.mx\/index.php\/wp-json\/wp\/v2\/categories?post=64984"},{"taxonomy":"post_tag","embeddable":true,"href":"https:\/\/lahora.mx\/index.php\/wp-json\/wp\/v2\/tags?post=64984"}],"curies":[{"name":"wp","href":"https:\/\/api.w.org\/{rel}","templated":true}]}}