{"id":64981,"date":"2025-07-11T17:40:29","date_gmt":"2025-07-11T17:40:29","guid":{"rendered":"https:\/\/lahora.mx\/?p=64981"},"modified":"2025-07-11T17:40:30","modified_gmt":"2025-07-11T17:40:30","slug":"buscan-a-rosa-eva-desaparecida-en-bosques-de-san-sebastian-desde-el-1-de-julio","status":"publish","type":"post","link":"https:\/\/lahora.mx\/index.php\/2025\/07\/11\/buscan-a-rosa-eva-desaparecida-en-bosques-de-san-sebastian-desde-el-1-de-julio\/","title":{"rendered":"Buscan a Rosa Eva, desaparecida en Bosques de San Sebasti\u00e1n desde el 1 de julio"},"content":{"rendered":"\n<p>La Comisi\u00f3n de B\u00fasqueda de Personas del Estado de Puebla emiti\u00f3 un bolet\u00edn para localizar a Rosa Eva Huerta Flores, de 40 a\u00f1os de edad, quien fue vista por \u00faltima vez el 1 de julio de 2025 en la zona de Bosques de San Sebasti\u00e1n, en el municipio de Puebla.<\/p>\n\n\n\n<p>Rosa Eva es de nacionalidad mexicana, mide aproximadamente 1.64 metros, tiene complexi\u00f3n delgada y piel morena clara. Su cabello es ondulado y largo, te\u00f1ido en color casta\u00f1o claro con ra\u00edces negras. Sus ojos son medianos y de color caf\u00e9 oscuro. Entre otras caracter\u00edsticas f\u00edsicas, su cara es ovalada, al igual que su ment\u00f3n; tiene cejas semi pobladas, nariz mediana y chata, boca mediana y labios delgados.<\/p>\n\n\n\n<p>Como se\u00f1as particulares, se identifican un lunar color caf\u00e9 claro en el lado derecho del ment\u00f3n y otro debajo del ojo derecho.<\/p>\n\n\n\n<p>El d\u00eda de su desaparici\u00f3n, vest\u00eda una chamarra larga de color rosa, filipina en tono rosa pastel, pantal\u00f3n tipo gabardina color caf\u00e9 claro y botines caf\u00e9. Tambi\u00e9n llevaba una bolsa de mano gris de tama\u00f1o mediano y un portafolio de pl\u00e1stico negro.<\/p>\n\n\n\n<p>La Comisi\u00f3n de B\u00fasqueda hace un llamado a la ciudadan\u00eda para aportar cualquier informaci\u00f3n que permita localizarla. Se puede contactar a los n\u00fameros 2222 46 3830 o 2226 82 1258, disponibles para recibir reportes de manera confidencial.<\/p>\n","protected":false},"excerpt":{"rendered":"<p>La Comisi\u00f3n de B\u00fasqueda de Personas del Estado de Puebla emiti\u00f3 un bolet\u00edn para localizar a Rosa Eva Huerta Flores, de 40 a\u00f1os de edad, quien fue vista por \u00faltima vez el 1 de julio de 2025 en la zona de Bosques de San Sebasti\u00e1n, en el municipio de Puebla. Rosa Eva es de nacionalidad [&hellip;]<\/p>\n","protected":false},"author":4,"featured_media":64982,"comment_status":"open","ping_status":"open","sticky":false,"template":"","format":"standard","meta":{"om_disable_all_campaigns":false,"_monsterinsights_skip_tracking":false,"_monsterinsights_sitenote_active":false,"_monsterinsights_sitenote_note":"","_monsterinsights_sitenote_category":0,"footnotes":""},"categories":[175,226],"tags":[223],"class_list":["post-64981","post","type-post","status-publish","format-standard","has-post-thumbnail","hentry","category-local","category-policia","tag-puebla"],"amp_enabled":true,"_links":{"self":[{"href":"https:\/\/lahora.mx\/index.php\/wp-json\/wp\/v2\/posts\/64981","targetHints":{"allow":["GET"]}}],"collection":[{"href":"https:\/\/lahora.mx\/index.php\/wp-json\/wp\/v2\/posts"}],"about":[{"href":"https:\/\/lahora.mx\/index.php\/wp-json\/wp\/v2\/types\/post"}],"author":[{"embeddable":true,"href":"https:\/\/lahora.mx\/index.php\/wp-json\/wp\/v2\/users\/4"}],"replies":[{"embeddable":true,"href":"https:\/\/lahora.mx\/index.php\/wp-json\/wp\/v2\/comments?post=64981"}],"version-history":[{"count":1,"href":"https:\/\/lahora.mx\/index.php\/wp-json\/wp\/v2\/posts\/64981\/revisions"}],"predecessor-version":[{"id":64983,"href":"https:\/\/lahora.mx\/index.php\/wp-json\/wp\/v2\/posts\/64981\/revisions\/64983"}],"wp:featuredmedia":[{"embeddable":true,"href":"https:\/\/lahora.mx\/index.php\/wp-json\/wp\/v2\/media\/64982"}],"wp:attachment":[{"href":"https:\/\/lahora.mx\/index.php\/wp-json\/wp\/v2\/media?parent=64981"}],"wp:term":[{"taxonomy":"category","embeddable":true,"href":"https:\/\/lahora.mx\/index.php\/wp-json\/wp\/v2\/categories?post=64981"},{"taxonomy":"post_tag","embeddable":true,"href":"https:\/\/lahora.mx\/index.php\/wp-json\/wp\/v2\/tags?post=64981"}],"curies":[{"name":"wp","href":"https:\/\/api.w.org\/{rel}","templated":true}]}}