{"id":64978,"date":"2025-07-11T17:36:21","date_gmt":"2025-07-11T17:36:21","guid":{"rendered":"https:\/\/lahora.mx\/?p=64978"},"modified":"2025-07-11T17:36:21","modified_gmt":"2025-07-11T17:36:21","slug":"sheinbaum-aumenta-apoyo-a-consulados-de-mexico-en-eu-tras-redadas-migratorias","status":"publish","type":"post","link":"https:\/\/lahora.mx\/index.php\/2025\/07\/11\/sheinbaum-aumenta-apoyo-a-consulados-de-mexico-en-eu-tras-redadas-migratorias\/","title":{"rendered":"Sheinbaum aumenta apoyo a consulados de M\u00e9xico en EU tras redadas migratorias"},"content":{"rendered":"\n<p>La presidenta Claudia Sheinbaum anunci\u00f3 este jueves 11 de julio una ampliaci\u00f3n de recursos para los consulados de M\u00e9xico en Estados Unidos, con el fin de reforzar el apoyo jur\u00eddico y legal a los migrantes mexicanos que enfrenten procesos derivados de redadas migratorias.<br><br>Durante su conferencia matutina desde Los Pinos, la mandataria se refiri\u00f3 a un reciente operativo en el sur de California, donde las autoridades mexicanas recibieron 25 reportes. Los consulados, explic\u00f3, ya est\u00e1n en contacto con los familiares de los afectados y realizan visitas a los centros de detenci\u00f3n para identificar a los connacionales retenidos.<\/p>\n\n\n\n<p>\u201cLas redadas son muy injustas y van a tener un impacto grave no solo en nuestras comunidades, sino tambi\u00e9n en la econom\u00eda estadounidense. Sin la mano de obra de los migrantes, muchos campos no van a producir\u201d, advirti\u00f3 Sheinbaum.<\/p>\n\n\n\n<p>La presidenta reiter\u00f3 que los migrantes no deben ser criminalizados, pues son personas trabajadoras cuya presencia es fundamental en varios sectores econ\u00f3micos de Estados Unidos. Subray\u00f3 que su gobierno seguir\u00e1 brindando protecci\u00f3n a los mexicanos en el extranjero, especialmente ante situaciones de riesgo.<\/p>\n\n\n\n<p>Sheinbaum tambi\u00e9n puso a disposici\u00f3n de los paisanos el n\u00famero de ayuda consular 520 623 7874, y precis\u00f3 que hasta ahora han sido repatriadas 73 mil 523 personas, de las cuales 67 mil 8 son mexicanas y 6 mil 525 extranjeras.<\/p>\n","protected":false},"excerpt":{"rendered":"<p>La presidenta Claudia Sheinbaum anunci\u00f3 este jueves 11 de julio una ampliaci\u00f3n de recursos para los consulados de M\u00e9xico en Estados Unidos, con el fin de reforzar el apoyo jur\u00eddico y legal a los migrantes mexicanos que enfrenten procesos derivados de redadas migratorias. Durante su conferencia matutina desde Los Pinos, la mandataria se refiri\u00f3 a [&hellip;]<\/p>\n","protected":false},"author":4,"featured_media":64979,"comment_status":"open","ping_status":"open","sticky":false,"template":"","format":"standard","meta":{"om_disable_all_campaigns":false,"_monsterinsights_skip_tracking":false,"_monsterinsights_sitenote_active":false,"_monsterinsights_sitenote_note":"","_monsterinsights_sitenote_category":0,"footnotes":""},"categories":[176],"tags":[],"class_list":["post-64978","post","type-post","status-publish","format-standard","has-post-thumbnail","hentry","category-nacional"],"amp_enabled":true,"_links":{"self":[{"href":"https:\/\/lahora.mx\/index.php\/wp-json\/wp\/v2\/posts\/64978","targetHints":{"allow":["GET"]}}],"collection":[{"href":"https:\/\/lahora.mx\/index.php\/wp-json\/wp\/v2\/posts"}],"about":[{"href":"https:\/\/lahora.mx\/index.php\/wp-json\/wp\/v2\/types\/post"}],"author":[{"embeddable":true,"href":"https:\/\/lahora.mx\/index.php\/wp-json\/wp\/v2\/users\/4"}],"replies":[{"embeddable":true,"href":"https:\/\/lahora.mx\/index.php\/wp-json\/wp\/v2\/comments?post=64978"}],"version-history":[{"count":1,"href":"https:\/\/lahora.mx\/index.php\/wp-json\/wp\/v2\/posts\/64978\/revisions"}],"predecessor-version":[{"id":64980,"href":"https:\/\/lahora.mx\/index.php\/wp-json\/wp\/v2\/posts\/64978\/revisions\/64980"}],"wp:featuredmedia":[{"embeddable":true,"href":"https:\/\/lahora.mx\/index.php\/wp-json\/wp\/v2\/media\/64979"}],"wp:attachment":[{"href":"https:\/\/lahora.mx\/index.php\/wp-json\/wp\/v2\/media?parent=64978"}],"wp:term":[{"taxonomy":"category","embeddable":true,"href":"https:\/\/lahora.mx\/index.php\/wp-json\/wp\/v2\/categories?post=64978"},{"taxonomy":"post_tag","embeddable":true,"href":"https:\/\/lahora.mx\/index.php\/wp-json\/wp\/v2\/tags?post=64978"}],"curies":[{"name":"wp","href":"https:\/\/api.w.org\/{rel}","templated":true}]}}