{"id":64975,"date":"2025-07-11T03:52:37","date_gmt":"2025-07-11T03:52:37","guid":{"rendered":"https:\/\/lahora.mx\/?p=64975"},"modified":"2025-07-11T03:52:38","modified_gmt":"2025-07-11T03:52:38","slug":"aprueba-cabildo-de-puebla-convocatoria-para-el-proceso-de-renovacion-de-mesas-directivas","status":"publish","type":"post","link":"https:\/\/lahora.mx\/index.php\/2025\/07\/11\/aprueba-cabildo-de-puebla-convocatoria-para-el-proceso-de-renovacion-de-mesas-directivas\/","title":{"rendered":"Aprueba Cabildo de Puebla convocatoria para el proceso de renovaci\u00f3n de Mesas Directivas"},"content":{"rendered":"\n<p>Con el objetivo de que se lleve a cabo un ejercicio ejemplar en el proceso de renovaci\u00f3n de Mesas Directivas de vecinos de los barrios, colonias, fraccionamientos y unidades habitacionales, el Cabildo de Puebla aprob\u00f3 por unanimidad la convocatoria.<\/p>\n\n\n\n<p>Encabezado por el presidente municipal, Pepe Chedraui Budib, se llev\u00f3 a cabo la d\u00e9cima Sesi\u00f3n Ordinaria de Cabildo, donde fue avalado este dictamen que fue presentado por las y los integrantes de la Comisi\u00f3n de Gobernaci\u00f3n.<\/p>\n\n\n\n<p>Como parte del orden del d\u00eda avalaron, por unanimidad de votos, el decreto presentado por la Comisi\u00f3n de Igualdad Sustantiva de G\u00e9nero y Diversidad Sexual, que incluye la propuesta para reformar diversas fracciones y art\u00edculos de la Ley de los Trabajadores al Servicio del Ayuntamiento de Puebla, que aplica para que quienes ingresen a laborar a la Comuna en puestos de confianza no debe de tener antecedentes de violencia familiar, delitos sexuales, ni incumplir con las responsabilidades alimentarias.<\/p>\n\n\n\n<p>Asimismo, avalaron por unanimidad de votos el dictamen que presentaron las integrantes de la Comisi\u00f3n de Igualdad Sustantiva de G\u00e9nero y Diversidad Sexual, por virtud del cual se adicionan diversas disposiciones del C\u00f3digo Reglamentario para el Municipio de Puebla, con la finalidad de continuar con las acciones para la erradicaci\u00f3n de la violencia de g\u00e9nero.<\/p>\n\n\n\n<p>En esta sesi\u00f3n, aprobaron el dictamen de la Comisi\u00f3n de Juventud y Deporte que propuso modificar que la entrega de reconocimientos a luchadores poblanos en conmemoraci\u00f3n del 21 de septiembre \u00abDia Nacional de la Lucha Libre y del Luchador Profesional Mexicano\u00bb, se realice en un acto protocolario en el Sal\u00f3n de Cabildo y no en sesi\u00f3n ordinaria.<\/p>\n\n\n\n<p>Las integrantes de la Comisi\u00f3n de Derechos Humanos y Grupos Vulnerables, presentaron un dictamen para la creaci\u00f3n del Comit\u00e9 de Bio\u00e9tica del Municipio de Puebla, as\u00ed como su conformaci\u00f3n y competencia, mismo que fue aprobado por unanimidad por el Cabildo, siendo el primero de su tipo para promover una cultura bio\u00e9tica humana.<\/p>\n\n\n\n<p>Como parte del orden del d\u00eda avalaron por mayor\u00eda de votos el Dictamen que presentaron integrantes de la Comisi\u00f3n de Patrimonio y Hacienda P\u00fablica Municipal, con la informaci\u00f3n financiera del Ayuntamiento de Puebla correspondiente al periodo comprendido del 1 al 30 de junio de 2025 e integrada por informaci\u00f3n contable, presupuestaria y program\u00e1tica relativa al mes de junio del Ejercicio Fiscal 2025. As\u00ed como el informe de Avance de Gesti\u00f3n Financiera y los formatos a que hace referencia la Ley de Disciplina Financiera de las Entidades Federativas y los Municipios correspondientes al Segundo Trimestre del Ejercicio Fiscal 2025.<\/p>\n\n\n\n<p>En asunto generales, aprobaron que las comisiones de Atenci\u00f3n y Protecci\u00f3n a la Ni\u00f1ez y la de Derechos Humanos y Grupos Vulnerables para que sesionen unidas para el an\u00e1lisis de la reforma y adici\u00f3n del art\u00edculo 170 del en su fracci\u00f3n I del C\u00f3digo Reglamentario Municipal para garantizar el derecho de participaci\u00f3n de ni\u00f1as, ni\u00f1os y adolescentes dentro del Consejo de Participaci\u00f3n Ciudadana para la Ni\u00f1ez y Adolescencia del Municipio de Puebla.<\/p>\n\n\n\n<p>Asimismo, avalaron que, en sesi\u00f3n unida de la Comisi\u00f3n de Desarrollo Urbano y Medio Ambiente y la Comisi\u00f3n de Gobernaci\u00f3n, aprueben la actualizaci\u00f3n y armonizaci\u00f3n del cap\u00edtulo 27 del C\u00f3digo Reglamentario Municipal en concordancia con la legislaci\u00f3n federal y estatal en materia de bienestar animal.<\/p>\n","protected":false},"excerpt":{"rendered":"<p>Con el objetivo de que se lleve a cabo un ejercicio ejemplar en el proceso de renovaci\u00f3n de Mesas Directivas de vecinos de los barrios, colonias, fraccionamientos y unidades habitacionales, el Cabildo de Puebla aprob\u00f3 por unanimidad la convocatoria. Encabezado por el presidente municipal, Pepe Chedraui Budib, se llev\u00f3 a cabo la d\u00e9cima Sesi\u00f3n Ordinaria [&hellip;]<\/p>\n","protected":false},"author":4,"featured_media":64976,"comment_status":"open","ping_status":"open","sticky":false,"template":"","format":"standard","meta":{"om_disable_all_campaigns":false,"_monsterinsights_skip_tracking":false,"_monsterinsights_sitenote_active":false,"_monsterinsights_sitenote_note":"","_monsterinsights_sitenote_category":0,"footnotes":""},"categories":[175],"tags":[223],"class_list":["post-64975","post","type-post","status-publish","format-standard","has-post-thumbnail","hentry","category-local","tag-puebla"],"amp_enabled":true,"_links":{"self":[{"href":"https:\/\/lahora.mx\/index.php\/wp-json\/wp\/v2\/posts\/64975","targetHints":{"allow":["GET"]}}],"collection":[{"href":"https:\/\/lahora.mx\/index.php\/wp-json\/wp\/v2\/posts"}],"about":[{"href":"https:\/\/lahora.mx\/index.php\/wp-json\/wp\/v2\/types\/post"}],"author":[{"embeddable":true,"href":"https:\/\/lahora.mx\/index.php\/wp-json\/wp\/v2\/users\/4"}],"replies":[{"embeddable":true,"href":"https:\/\/lahora.mx\/index.php\/wp-json\/wp\/v2\/comments?post=64975"}],"version-history":[{"count":1,"href":"https:\/\/lahora.mx\/index.php\/wp-json\/wp\/v2\/posts\/64975\/revisions"}],"predecessor-version":[{"id":64977,"href":"https:\/\/lahora.mx\/index.php\/wp-json\/wp\/v2\/posts\/64975\/revisions\/64977"}],"wp:featuredmedia":[{"embeddable":true,"href":"https:\/\/lahora.mx\/index.php\/wp-json\/wp\/v2\/media\/64976"}],"wp:attachment":[{"href":"https:\/\/lahora.mx\/index.php\/wp-json\/wp\/v2\/media?parent=64975"}],"wp:term":[{"taxonomy":"category","embeddable":true,"href":"https:\/\/lahora.mx\/index.php\/wp-json\/wp\/v2\/categories?post=64975"},{"taxonomy":"post_tag","embeddable":true,"href":"https:\/\/lahora.mx\/index.php\/wp-json\/wp\/v2\/tags?post=64975"}],"curies":[{"name":"wp","href":"https:\/\/api.w.org\/{rel}","templated":true}]}}