{"id":64941,"date":"2025-07-10T20:50:41","date_gmt":"2025-07-10T20:50:41","guid":{"rendered":"https:\/\/lahora.mx\/?p=64941"},"modified":"2025-07-10T20:50:42","modified_gmt":"2025-07-10T20:50:42","slug":"inicia-registro-presencial-para-acceder-al-programa-vivienda-bienestar","status":"publish","type":"post","link":"https:\/\/lahora.mx\/index.php\/2025\/07\/10\/inicia-registro-presencial-para-acceder-al-programa-vivienda-bienestar\/","title":{"rendered":"Inicia registro presencial para acceder al programa Vivienda Bienestar"},"content":{"rendered":"\n<p>En julio de 2025, la Comisi\u00f3n Nacional de Vivienda (<strong>Conavi<\/strong>) lanz\u00f3 el registro presencial del programa\u00a0<strong>Vivienda para el Bienestar<\/strong>, dirigido a personas en situaci\u00f3n de vulnerabilidad que no pueden acceder a cr\u00e9ditos hipotecarios convencionales. El tr\u00e1mite se realizar\u00e1 exclusivamente en m\u00f3dulos m\u00f3viles y mediante brigadas casa por casa en zonas rurales, ind\u00edgenas y urbanas marginadas. No habr\u00e1 opci\u00f3n de registro en l\u00ednea ni en oficinas fijas.<br><br>El director Rodrigo Ch\u00e1vez Contreras explic\u00f3 que la estrategia consiste en censar a las familias en pol\u00edgonos priorizados, aplicarles una C\u00e9dula Diagn\u00f3stico para determinar si cumplen los requisitos, y luego realizar una visita domiciliaria para evaluar su situaci\u00f3n socioecon\u00f3mica. Quienes cumplan el perfil ser\u00e1n convocados a una asamblea informativa donde comenzar\u00e1 la planeaci\u00f3n de la vivienda o mejora correspondiente.<br><br>Fechas y cobertura<br>El programa abarca tres convocatorias escalonadas:<\/p>\n\n\n\n<p>Julio \u2013 agosto: registro de 24,047 personas en 62 predios.<br>Agosto \u2013 noviembre: incorporaci\u00f3n de 20,637 personas en 60 predios.<br>Septiembre \u2013 diciembre: registro de 45,456 personas en 100 predios.<br>Hasta ahora, se han definido m\u00e1s de 200 pol\u00edgonos de atenci\u00f3n prioritaria en todo el pa\u00eds, incluyendo entidades como Chiapas, Guerrero, Oaxaca, Veracruz, Zacatecas, entre otras.<\/p>\n\n\n\n<p>\u00bfQui\u00e9nes califican?<br>Para poder registrarse en julio de 2025, los aspirantes deben:<\/p>\n\n\n\n<p>Ser mayores de 18 a\u00f1os.<br>Tener dependientes econ\u00f3micos.<br>No ser titulares de otra vivienda, ni derechohabientes del Infonavit o el Fovissste.<br>Contar con un comprobante de domicilio en una zona prioritaria (usualmente con m\u00ednimo cinco a\u00f1os de residencia).<br>Tener ingresos inferiores a dos salarios m\u00ednimos.<br>Modalidades de apoyo<br>Aunque los primeros anuncios no lo mencionan, versiones previas del programa contemplan seis modalidades: adquisici\u00f3n, autoconstrucci\u00f3n, mejoramiento, reconstrucci\u00f3n, reubicaci\u00f3n y renta social. Esta variedad permite cubrir distintas necesidades, desde comprar una casa terminada hasta ampliar una existente.<\/p>\n\n\n\n<p>Riesgos de fraude<br>La Conavi ya alert\u00f3 a la poblaci\u00f3n sobre intentos de fraude en redes sociales y mensajes falsos que prometen acceso garantizado a subsidios. Sus comunicados insisten en que el registro es gratuito y sin intermediarios, y que s\u00f3lo se realizar\u00e1 en los m\u00f3dulos oficiales.<\/p>\n","protected":false},"excerpt":{"rendered":"<p>En julio de 2025, la Comisi\u00f3n Nacional de Vivienda (Conavi) lanz\u00f3 el registro presencial del programa\u00a0Vivienda para el Bienestar, dirigido a personas en situaci\u00f3n de vulnerabilidad que no pueden acceder a cr\u00e9ditos hipotecarios convencionales. El tr\u00e1mite se realizar\u00e1 exclusivamente en m\u00f3dulos m\u00f3viles y mediante brigadas casa por casa en zonas rurales, ind\u00edgenas y urbanas marginadas. [&hellip;]<\/p>\n","protected":false},"author":4,"featured_media":64942,"comment_status":"open","ping_status":"open","sticky":false,"template":"","format":"standard","meta":{"om_disable_all_campaigns":false,"_monsterinsights_skip_tracking":false,"_monsterinsights_sitenote_active":false,"_monsterinsights_sitenote_note":"","_monsterinsights_sitenote_category":0,"footnotes":""},"categories":[176],"tags":[195,223],"class_list":["post-64941","post","type-post","status-publish","format-standard","has-post-thumbnail","hentry","category-nacional","tag-principal","tag-puebla"],"amp_enabled":true,"_links":{"self":[{"href":"https:\/\/lahora.mx\/index.php\/wp-json\/wp\/v2\/posts\/64941","targetHints":{"allow":["GET"]}}],"collection":[{"href":"https:\/\/lahora.mx\/index.php\/wp-json\/wp\/v2\/posts"}],"about":[{"href":"https:\/\/lahora.mx\/index.php\/wp-json\/wp\/v2\/types\/post"}],"author":[{"embeddable":true,"href":"https:\/\/lahora.mx\/index.php\/wp-json\/wp\/v2\/users\/4"}],"replies":[{"embeddable":true,"href":"https:\/\/lahora.mx\/index.php\/wp-json\/wp\/v2\/comments?post=64941"}],"version-history":[{"count":1,"href":"https:\/\/lahora.mx\/index.php\/wp-json\/wp\/v2\/posts\/64941\/revisions"}],"predecessor-version":[{"id":64943,"href":"https:\/\/lahora.mx\/index.php\/wp-json\/wp\/v2\/posts\/64941\/revisions\/64943"}],"wp:featuredmedia":[{"embeddable":true,"href":"https:\/\/lahora.mx\/index.php\/wp-json\/wp\/v2\/media\/64942"}],"wp:attachment":[{"href":"https:\/\/lahora.mx\/index.php\/wp-json\/wp\/v2\/media?parent=64941"}],"wp:term":[{"taxonomy":"category","embeddable":true,"href":"https:\/\/lahora.mx\/index.php\/wp-json\/wp\/v2\/categories?post=64941"},{"taxonomy":"post_tag","embeddable":true,"href":"https:\/\/lahora.mx\/index.php\/wp-json\/wp\/v2\/tags?post=64941"}],"curies":[{"name":"wp","href":"https:\/\/api.w.org\/{rel}","templated":true}]}}