{"id":64931,"date":"2025-07-10T20:39:26","date_gmt":"2025-07-10T20:39:26","guid":{"rendered":"https:\/\/lahora.mx\/?p=64931"},"modified":"2025-07-10T20:39:27","modified_gmt":"2025-07-10T20:39:27","slug":"10-camionetas-con-insumos-son-enviadas-ante-protestas-en-hospital-del-sur-y-norte","status":"publish","type":"post","link":"https:\/\/lahora.mx\/index.php\/2025\/07\/10\/10-camionetas-con-insumos-son-enviadas-ante-protestas-en-hospital-del-sur-y-norte\/","title":{"rendered":"10 camionetas con insumos son enviadas ante protestas en Hospital del Sur y Norte"},"content":{"rendered":"\n<p>Carlos Alberto Olivier Pacheco, titular de la Secretar\u00eda de Salud (SSA) de Puebla, revel\u00f3 que se trasladar\u00e1n diez camionetas con insumos para atender la falta de medicamentos y material m\u00e9dico, ante las propuestas en el Hospital General del Norte y el Sur.<br><br>En entrevista con medios de comunicaci\u00f3n este jueves 10 de julio, el funcionario estatal confirm\u00f3 que los l\u00edderes del Sindicato Nacional de Trabajadores de la Secretar\u00eda de Salud (SNTSA) tomaron las direcciones de ambos nosocomios en estas manifestaciones.<\/p>\n\n\n\n<p>Hace un mes, mencion\u00f3 que los sindicalizados convocaron a una movilizaci\u00f3n y en su pliego petitorio convocaron a una asamblea el pasado mi\u00e9rcoles 9 de julio, a fin de expresar su inconformidad.<\/p>\n\n\n\n<p>\u201cEllos reclaman falta de insumos y medicamentos (\u2026) el MSS-Bienestar con un servidor, la Secretar\u00eda de Salud, estamos en constante comunicaci\u00f3n\u201d, agreg\u00f3.<\/p>\n\n\n\n<p>En ese sentido, coment\u00f3 que lo atender\u00e1n de manera inmediata esta problem\u00e1tica, pues este d\u00eda se plane\u00f3 el traslado de unidades que contengan los materiales que necesita el personal m\u00e9dico para continuar laborando.<\/p>\n\n\n\n<p>La pr\u00f3xima semana, adelant\u00f3 que la Secretar\u00eda de Salud acudir\u00e1 nuevamente a una reuni\u00f3n en la Ciudad de M\u00e9xico (CDMX) para abordar la falta de medicamentos en los hospitales del estado de Puebla.<\/p>\n","protected":false},"excerpt":{"rendered":"<p>Carlos Alberto Olivier Pacheco, titular de la Secretar\u00eda de Salud (SSA) de Puebla, revel\u00f3 que se trasladar\u00e1n diez camionetas con insumos para atender la falta de medicamentos y material m\u00e9dico, ante las propuestas en el Hospital General del Norte y el Sur. En entrevista con medios de comunicaci\u00f3n este jueves 10 de julio, el funcionario [&hellip;]<\/p>\n","protected":false},"author":4,"featured_media":64932,"comment_status":"open","ping_status":"open","sticky":false,"template":"","format":"standard","meta":{"om_disable_all_campaigns":false,"_monsterinsights_skip_tracking":false,"_monsterinsights_sitenote_active":false,"_monsterinsights_sitenote_note":"","_monsterinsights_sitenote_category":0,"footnotes":""},"categories":[175,252],"tags":[195,223],"class_list":["post-64931","post","type-post","status-publish","format-standard","has-post-thumbnail","hentry","category-local","category-salud","tag-principal","tag-puebla"],"amp_enabled":true,"_links":{"self":[{"href":"https:\/\/lahora.mx\/index.php\/wp-json\/wp\/v2\/posts\/64931","targetHints":{"allow":["GET"]}}],"collection":[{"href":"https:\/\/lahora.mx\/index.php\/wp-json\/wp\/v2\/posts"}],"about":[{"href":"https:\/\/lahora.mx\/index.php\/wp-json\/wp\/v2\/types\/post"}],"author":[{"embeddable":true,"href":"https:\/\/lahora.mx\/index.php\/wp-json\/wp\/v2\/users\/4"}],"replies":[{"embeddable":true,"href":"https:\/\/lahora.mx\/index.php\/wp-json\/wp\/v2\/comments?post=64931"}],"version-history":[{"count":1,"href":"https:\/\/lahora.mx\/index.php\/wp-json\/wp\/v2\/posts\/64931\/revisions"}],"predecessor-version":[{"id":64933,"href":"https:\/\/lahora.mx\/index.php\/wp-json\/wp\/v2\/posts\/64931\/revisions\/64933"}],"wp:featuredmedia":[{"embeddable":true,"href":"https:\/\/lahora.mx\/index.php\/wp-json\/wp\/v2\/media\/64932"}],"wp:attachment":[{"href":"https:\/\/lahora.mx\/index.php\/wp-json\/wp\/v2\/media?parent=64931"}],"wp:term":[{"taxonomy":"category","embeddable":true,"href":"https:\/\/lahora.mx\/index.php\/wp-json\/wp\/v2\/categories?post=64931"},{"taxonomy":"post_tag","embeddable":true,"href":"https:\/\/lahora.mx\/index.php\/wp-json\/wp\/v2\/tags?post=64931"}],"curies":[{"name":"wp","href":"https:\/\/api.w.org\/{rel}","templated":true}]}}