{"id":64913,"date":"2025-07-10T17:31:05","date_gmt":"2025-07-10T17:31:05","guid":{"rendered":"https:\/\/lahora.mx\/?p=64913"},"modified":"2025-07-10T17:31:06","modified_gmt":"2025-07-10T17:31:06","slug":"personal-de-salud-se-manifiesta-en-el-complejo-medico-del-sur-del-imss-en-puebla","status":"publish","type":"post","link":"https:\/\/lahora.mx\/index.php\/2025\/07\/10\/personal-de-salud-se-manifiesta-en-el-complejo-medico-del-sur-del-imss-en-puebla\/","title":{"rendered":"Personal de salud se manifiesta en el Complejo M\u00e9dico del Sur del IMSS en Puebla"},"content":{"rendered":"\n<p>Este jueves 10 de julio, trabajadores del sector salud realizaron una manifestaci\u00f3n pac\u00edfica en el Complejo M\u00e9dico del Sur del IMSS, ubicado en la ciudad de Puebla.<br><br>La movilizaci\u00f3n fue convocada por la Secci\u00f3n 25 del Sindicato Nacional de Trabajadores de la Secretar\u00eda de Salud (SNTSA), en exigencia de mejores condiciones laborales.<\/p>\n\n\n\n<p>Entre las principales demandas del personal se encuentran el abastecimiento de insumos m\u00e9dicos, equipo adecuado para el ejercicio de sus funciones y mejoras en las condiciones generales de trabajo. Los manifestantes se\u00f1alaron que estas carencias afectan tanto su desempe\u00f1o como la atenci\u00f3n que se brinda a los pacientes.<\/p>\n\n\n\n<p>Pese a la protesta, la Secretar\u00eda de Salud estatal y el programa IMSS Bienestar informaron que los servicios m\u00e9dicos en Puebla operan con normalidad y sin afectaciones para la poblaci\u00f3n. A trav\u00e9s de un comunicado, el Gobierno del Estado asegur\u00f3 que mantiene abiertos los canales de di\u00e1logo con los trabajadores y ratific\u00f3 su respeto al derecho de libre manifestaci\u00f3n.<\/p>\n","protected":false},"excerpt":{"rendered":"<p>Este jueves 10 de julio, trabajadores del sector salud realizaron una manifestaci\u00f3n pac\u00edfica en el Complejo M\u00e9dico del Sur del IMSS, ubicado en la ciudad de Puebla. La movilizaci\u00f3n fue convocada por la Secci\u00f3n 25 del Sindicato Nacional de Trabajadores de la Secretar\u00eda de Salud (SNTSA), en exigencia de mejores condiciones laborales. Entre las principales [&hellip;]<\/p>\n","protected":false},"author":4,"featured_media":64914,"comment_status":"open","ping_status":"open","sticky":false,"template":"","format":"standard","meta":{"om_disable_all_campaigns":false,"_monsterinsights_skip_tracking":false,"_monsterinsights_sitenote_active":false,"_monsterinsights_sitenote_note":"","_monsterinsights_sitenote_category":0,"footnotes":""},"categories":[175,252],"tags":[223],"class_list":["post-64913","post","type-post","status-publish","format-standard","has-post-thumbnail","hentry","category-local","category-salud","tag-puebla"],"amp_enabled":true,"_links":{"self":[{"href":"https:\/\/lahora.mx\/index.php\/wp-json\/wp\/v2\/posts\/64913","targetHints":{"allow":["GET"]}}],"collection":[{"href":"https:\/\/lahora.mx\/index.php\/wp-json\/wp\/v2\/posts"}],"about":[{"href":"https:\/\/lahora.mx\/index.php\/wp-json\/wp\/v2\/types\/post"}],"author":[{"embeddable":true,"href":"https:\/\/lahora.mx\/index.php\/wp-json\/wp\/v2\/users\/4"}],"replies":[{"embeddable":true,"href":"https:\/\/lahora.mx\/index.php\/wp-json\/wp\/v2\/comments?post=64913"}],"version-history":[{"count":1,"href":"https:\/\/lahora.mx\/index.php\/wp-json\/wp\/v2\/posts\/64913\/revisions"}],"predecessor-version":[{"id":64915,"href":"https:\/\/lahora.mx\/index.php\/wp-json\/wp\/v2\/posts\/64913\/revisions\/64915"}],"wp:featuredmedia":[{"embeddable":true,"href":"https:\/\/lahora.mx\/index.php\/wp-json\/wp\/v2\/media\/64914"}],"wp:attachment":[{"href":"https:\/\/lahora.mx\/index.php\/wp-json\/wp\/v2\/media?parent=64913"}],"wp:term":[{"taxonomy":"category","embeddable":true,"href":"https:\/\/lahora.mx\/index.php\/wp-json\/wp\/v2\/categories?post=64913"},{"taxonomy":"post_tag","embeddable":true,"href":"https:\/\/lahora.mx\/index.php\/wp-json\/wp\/v2\/tags?post=64913"}],"curies":[{"name":"wp","href":"https:\/\/api.w.org\/{rel}","templated":true}]}}