{"id":64907,"date":"2025-07-10T17:20:23","date_gmt":"2025-07-10T17:20:23","guid":{"rendered":"https:\/\/lahora.mx\/?p=64907"},"modified":"2025-07-10T17:20:23","modified_gmt":"2025-07-10T17:20:23","slug":"sheinbaum-admite-que-amlo-contrato-deuda-para-concluir-tren-maya","status":"publish","type":"post","link":"https:\/\/lahora.mx\/index.php\/2025\/07\/10\/sheinbaum-admite-que-amlo-contrato-deuda-para-concluir-tren-maya\/","title":{"rendered":"Sheinbaum admite que AMLO contrat\u00f3 deuda para concluir Tren Maya"},"content":{"rendered":"\n<p>La presidenta Claudia Sheinbaum reconoci\u00f3 que durante el \u00faltimo a\u00f1o del sexenio de Andr\u00e9s Manuel L\u00f3pez Obrador se recurri\u00f3 a la contrataci\u00f3n de deuda p\u00fablica con el objetivo de concluir los proyectos estrat\u00e9gicos de su administraci\u00f3n, como el Tren Maya. Esta medida, explic\u00f3, fue necesaria ante un d\u00e9ficit fiscal derivado de un gasto p\u00fablico superior a los ingresos recaudados.<br><br>En su conferencia de prensa matutina, al ser interrogada sobre su estrategia para lograr una consolidaci\u00f3n fiscal y reducir el endeudamiento, la mandataria federal afirm\u00f3 que su gobierno continuar\u00e1 con la pol\u00edtica de austeridad republicana. Adem\u00e1s, subray\u00f3 que uno de sus compromisos es la disminuci\u00f3n del d\u00e9ficit presupuestario.<\/p>\n\n\n\n<p>\u201cEn 2024, el presidente L\u00f3pez Obrador decidi\u00f3 invertir fuertemente para terminar todas las obras. Algunas a\u00fan nos correspondieron a nosotros, pero las m\u00e1s importantes, las estrat\u00e9gicas de su sexenio, s\u00ed las concluy\u00f3\u201d, expres\u00f3 Sheinbaum.<\/p>\n\n\n\n<p>Tambi\u00e9n puntualiz\u00f3 que el t\u00e9rmino \u201creducci\u00f3n del d\u00e9ficit\u201d implica precisamente evitar que el gasto p\u00fablico siga superando a los ingresos, lo cual, dijo, deriv\u00f3 en la necesidad de contratar deuda para cerrar el ciclo de inversiones del gobierno anterior.<\/p>\n","protected":false},"excerpt":{"rendered":"<p>La presidenta Claudia Sheinbaum reconoci\u00f3 que durante el \u00faltimo a\u00f1o del sexenio de Andr\u00e9s Manuel L\u00f3pez Obrador se recurri\u00f3 a la contrataci\u00f3n de deuda p\u00fablica con el objetivo de concluir los proyectos estrat\u00e9gicos de su administraci\u00f3n, como el Tren Maya. Esta medida, explic\u00f3, fue necesaria ante un d\u00e9ficit fiscal derivado de un gasto p\u00fablico superior [&hellip;]<\/p>\n","protected":false},"author":4,"featured_media":64908,"comment_status":"open","ping_status":"open","sticky":false,"template":"","format":"standard","meta":{"om_disable_all_campaigns":false,"_monsterinsights_skip_tracking":false,"_monsterinsights_sitenote_active":false,"_monsterinsights_sitenote_note":"","_monsterinsights_sitenote_category":0,"footnotes":""},"categories":[176],"tags":[223],"class_list":["post-64907","post","type-post","status-publish","format-standard","has-post-thumbnail","hentry","category-nacional","tag-puebla"],"amp_enabled":true,"_links":{"self":[{"href":"https:\/\/lahora.mx\/index.php\/wp-json\/wp\/v2\/posts\/64907","targetHints":{"allow":["GET"]}}],"collection":[{"href":"https:\/\/lahora.mx\/index.php\/wp-json\/wp\/v2\/posts"}],"about":[{"href":"https:\/\/lahora.mx\/index.php\/wp-json\/wp\/v2\/types\/post"}],"author":[{"embeddable":true,"href":"https:\/\/lahora.mx\/index.php\/wp-json\/wp\/v2\/users\/4"}],"replies":[{"embeddable":true,"href":"https:\/\/lahora.mx\/index.php\/wp-json\/wp\/v2\/comments?post=64907"}],"version-history":[{"count":1,"href":"https:\/\/lahora.mx\/index.php\/wp-json\/wp\/v2\/posts\/64907\/revisions"}],"predecessor-version":[{"id":64909,"href":"https:\/\/lahora.mx\/index.php\/wp-json\/wp\/v2\/posts\/64907\/revisions\/64909"}],"wp:featuredmedia":[{"embeddable":true,"href":"https:\/\/lahora.mx\/index.php\/wp-json\/wp\/v2\/media\/64908"}],"wp:attachment":[{"href":"https:\/\/lahora.mx\/index.php\/wp-json\/wp\/v2\/media?parent=64907"}],"wp:term":[{"taxonomy":"category","embeddable":true,"href":"https:\/\/lahora.mx\/index.php\/wp-json\/wp\/v2\/categories?post=64907"},{"taxonomy":"post_tag","embeddable":true,"href":"https:\/\/lahora.mx\/index.php\/wp-json\/wp\/v2\/tags?post=64907"}],"curies":[{"name":"wp","href":"https:\/\/api.w.org\/{rel}","templated":true}]}}