{"id":64904,"date":"2025-07-10T17:04:30","date_gmt":"2025-07-10T17:04:30","guid":{"rendered":"https:\/\/lahora.mx\/?p=64904"},"modified":"2025-07-10T17:04:31","modified_gmt":"2025-07-10T17:04:31","slug":"sheinbaum-reacciona-a-cierre-de-frontera-de-eu-por-nuevo-caso-de-gusano-barrenador-es-totalmente-exagerado-asegura","status":"publish","type":"post","link":"https:\/\/lahora.mx\/index.php\/2025\/07\/10\/sheinbaum-reacciona-a-cierre-de-frontera-de-eu-por-nuevo-caso-de-gusano-barrenador-es-totalmente-exagerado-asegura\/","title":{"rendered":"Sheinbaum reacciona a cierre de frontera de EU por nuevo caso de gusano barrenador; es \u00abtotalmente exagerado\u00bb, asegura"},"content":{"rendered":"\n<p>La presidenta Claudia Sheinbaum calific\u00f3 como una decisi\u00f3n \u00abtotalmente exagerada\u00bb que el Gobierno estadounidense haya cerrado de nueva cuenta la frontera al ganado mexicano al reportarse un caso de gusano barrenador en Veracruz.<\/p>\n\n\n\n<p>Explic\u00f3 que, ayer al saber que hab\u00eda un caso en Veracruz, \u00abdesde nuestro punto de vista, pues, tom\u00f3 una decisi\u00f3n totalmente exagerada el volver a cerrar la frontera\u00bb.<\/p>\n\n\n\n<p>Sheinbaum Pardo coment\u00f3 que, pese al cierre de la frontera, siguen trabajando de manera inmediata los equipos para demostrar que todo est\u00e1 bajo control.<\/p>\n\n\n\n<p>\u00abSe est\u00e1 haciendo todo lo que cient\u00edficamente se debe de hacer y pr\u00e1cticamente se debe de hacer, es decir, con el conocimiento cient\u00edfico, lo que se debe llevar a la pr\u00e1ctica si es que se encuentra un caso que est\u00e1 fuera, digamos, del Istmo\u00bb, coment\u00f3.<\/p>\n\n\n\n<p>Agreg\u00f3: \u00abHay un protocolo y una serie de indicadores. No fue algo subjetivo, digamos, la apertura de la frontera por parte de Estados Unidos. Estuvieron trabajando, pues, desde el principio, fueron como dos meses de trabajo permanente de los t\u00e9cnicos de Senasica y los t\u00e9cnicos de su contraparte en Estados Unidos para poder determinar cu\u00e1ndo hay una situaci\u00f3n de alerta o cu\u00e1ndo no hay una situaci\u00f3n de alerta. Y se informa permanentemente\u00bb.<\/p>\n\n\n\n<p>Abund\u00f3 que, el secretario de Agricultura sigue en di\u00e1logo con sus contrapartes, por lo que espera que \u00abmuy pronto vuelva a abrirse la frontera\u00bb.<\/p>\n","protected":false},"excerpt":{"rendered":"<p>La presidenta Claudia Sheinbaum calific\u00f3 como una decisi\u00f3n \u00abtotalmente exagerada\u00bb que el Gobierno estadounidense haya cerrado de nueva cuenta la frontera al ganado mexicano al reportarse un caso de gusano barrenador en Veracruz. Explic\u00f3 que, ayer al saber que hab\u00eda un caso en Veracruz, \u00abdesde nuestro punto de vista, pues, tom\u00f3 una decisi\u00f3n totalmente exagerada [&hellip;]<\/p>\n","protected":false},"author":4,"featured_media":64905,"comment_status":"open","ping_status":"open","sticky":false,"template":"","format":"standard","meta":{"om_disable_all_campaigns":false,"_monsterinsights_skip_tracking":false,"_monsterinsights_sitenote_active":false,"_monsterinsights_sitenote_note":"","_monsterinsights_sitenote_category":0,"footnotes":""},"categories":[175],"tags":[223],"class_list":["post-64904","post","type-post","status-publish","format-standard","has-post-thumbnail","hentry","category-local","tag-puebla"],"amp_enabled":true,"_links":{"self":[{"href":"https:\/\/lahora.mx\/index.php\/wp-json\/wp\/v2\/posts\/64904","targetHints":{"allow":["GET"]}}],"collection":[{"href":"https:\/\/lahora.mx\/index.php\/wp-json\/wp\/v2\/posts"}],"about":[{"href":"https:\/\/lahora.mx\/index.php\/wp-json\/wp\/v2\/types\/post"}],"author":[{"embeddable":true,"href":"https:\/\/lahora.mx\/index.php\/wp-json\/wp\/v2\/users\/4"}],"replies":[{"embeddable":true,"href":"https:\/\/lahora.mx\/index.php\/wp-json\/wp\/v2\/comments?post=64904"}],"version-history":[{"count":1,"href":"https:\/\/lahora.mx\/index.php\/wp-json\/wp\/v2\/posts\/64904\/revisions"}],"predecessor-version":[{"id":64906,"href":"https:\/\/lahora.mx\/index.php\/wp-json\/wp\/v2\/posts\/64904\/revisions\/64906"}],"wp:featuredmedia":[{"embeddable":true,"href":"https:\/\/lahora.mx\/index.php\/wp-json\/wp\/v2\/media\/64905"}],"wp:attachment":[{"href":"https:\/\/lahora.mx\/index.php\/wp-json\/wp\/v2\/media?parent=64904"}],"wp:term":[{"taxonomy":"category","embeddable":true,"href":"https:\/\/lahora.mx\/index.php\/wp-json\/wp\/v2\/categories?post=64904"},{"taxonomy":"post_tag","embeddable":true,"href":"https:\/\/lahora.mx\/index.php\/wp-json\/wp\/v2\/tags?post=64904"}],"curies":[{"name":"wp","href":"https:\/\/api.w.org\/{rel}","templated":true}]}}