{"id":64899,"date":"2025-07-10T16:36:46","date_gmt":"2025-07-10T16:36:46","guid":{"rendered":"https:\/\/lahora.mx\/?p=64899"},"modified":"2025-07-10T16:37:13","modified_gmt":"2025-07-10T16:37:13","slug":"embargaran-afores-para-pago-de-pension-a-ninos-scjn-resolvio-un-amparo","status":"publish","type":"post","link":"https:\/\/lahora.mx\/index.php\/2025\/07\/10\/embargaran-afores-para-pago-de-pension-a-ninos-scjn-resolvio-un-amparo\/","title":{"rendered":"Embargar\u00e1n afores para pago de pensi\u00f3n a ni\u00f1os; SCJN resolvi\u00f3 un amparo"},"content":{"rendered":"\n<p>El fallo precisa que, antes de ordenar el embargo, el juez debe confirmar que el deudor alimentario est\u00e1 desempleado y carece de otros bienes para cumplir sus obligaciones.<\/p>\n\n\n\n<p>Al embargo debe recaer, primero, sobre la subcuenta de aportaciones voluntarias y, s\u00f3lo en caso de no haber o haberse agotado \u00e9stas, sobre la subcuenta de retiro hasta el l\u00edmite permitido para retiros por desempleo.<\/p>\n\n\n\n<p>La decisi\u00f3n deriv\u00f3 del an\u00e1lisis del art\u00edculo 79 de la Ley de los Sistemas de Ahorro para el Retiro, seg\u00fan el cual los recursos de las afores son inembargables.<\/p>\n\n\n\n<p>Sin embargo, los ministros consideraron que dicha prohibici\u00f3n no tiene rango constitucional y no puede oponerse al inter\u00e9s superior de la infancia y su derecho a recibir alimentos. \u201cSi se confronta esa prohibici\u00f3n con el inter\u00e9s superior del menor, debe prevalecer este \u00faltimo\u201d, se lee en la sentencia.<\/p>\n\n\n\n<p>Se\u00f1alaron que permitir la inembargabilidad de estos recursos permitir\u00eda que los progenitores incumplan sus obligaciones alimentarias, afectando a los menores.<br><br><br><br>Nada impide que de manera excepcional dicha subcuenta pueda ser embargada en la misma proporci\u00f3n en que el trabajador desempleado podr\u00eda disponer voluntariamente de esos recursos, esto para garantizar los alimentos de un hijo menor del trabajador titular de la cuenta individual\u201d, se estableci\u00f3 en la resoluci\u00f3n aprobada ayer por unanimidad de la Primera Sala del m\u00e1ximo tribunal.<\/p>\n\n\n\n<p>En el proyecto se estim\u00f3 que si el trabajador puede disponer de una parte de los recursos acumulados en la subcuenta de retiro, debe ser la cantidad que resulte menor entre 75 d\u00edas de su propio sueldo b\u00e1sico de los \u00faltimos 5 a\u00f1os, o 10% del saldo de la propia subcuenta a partir del d\u00eda natural 46, contado desde el d\u00eda en que qued\u00f3 desempleado.<\/p>\n\n\n\n<p>Ser\u00eda un contrasentido que pueda disponer de una parte de los recursos depositados en la subcuenta mencionada para que \u00e9sta y su familia puedan subsistir en tanto encuentra otro empleo; y por otro, sostener que no se puede embargar, en la misma proporci\u00f3n, esa parte de los recursos\u201d, se estableci\u00f3 en el proyecto del ministro Pardo Rebolledo.<\/p>\n\n\n\n<p>Asimismo, se consider\u00f3 que impedir el uso de la subcuenta de la afore para el pago de pensiones alimentarias, cuando el progenitor tiene la voluntad de cumplir con su obligaci\u00f3n, ser\u00eda atentar contra los derechos de la infancia.<\/p>\n","protected":false},"excerpt":{"rendered":"<p>El fallo precisa que, antes de ordenar el embargo, el juez debe confirmar que el deudor alimentario est\u00e1 desempleado y carece de otros bienes para cumplir sus obligaciones. Al embargo debe recaer, primero, sobre la subcuenta de aportaciones voluntarias y, s\u00f3lo en caso de no haber o haberse agotado \u00e9stas, sobre la subcuenta de retiro [&hellip;]<\/p>\n","protected":false},"author":4,"featured_media":64900,"comment_status":"open","ping_status":"open","sticky":false,"template":"","format":"standard","meta":{"om_disable_all_campaigns":false,"_monsterinsights_skip_tracking":false,"_monsterinsights_sitenote_active":false,"_monsterinsights_sitenote_note":"","_monsterinsights_sitenote_category":0,"footnotes":""},"categories":[175],"tags":[195,223],"class_list":["post-64899","post","type-post","status-publish","format-standard","has-post-thumbnail","hentry","category-local","tag-principal","tag-puebla"],"amp_enabled":true,"_links":{"self":[{"href":"https:\/\/lahora.mx\/index.php\/wp-json\/wp\/v2\/posts\/64899","targetHints":{"allow":["GET"]}}],"collection":[{"href":"https:\/\/lahora.mx\/index.php\/wp-json\/wp\/v2\/posts"}],"about":[{"href":"https:\/\/lahora.mx\/index.php\/wp-json\/wp\/v2\/types\/post"}],"author":[{"embeddable":true,"href":"https:\/\/lahora.mx\/index.php\/wp-json\/wp\/v2\/users\/4"}],"replies":[{"embeddable":true,"href":"https:\/\/lahora.mx\/index.php\/wp-json\/wp\/v2\/comments?post=64899"}],"version-history":[{"count":2,"href":"https:\/\/lahora.mx\/index.php\/wp-json\/wp\/v2\/posts\/64899\/revisions"}],"predecessor-version":[{"id":64903,"href":"https:\/\/lahora.mx\/index.php\/wp-json\/wp\/v2\/posts\/64899\/revisions\/64903"}],"wp:featuredmedia":[{"embeddable":true,"href":"https:\/\/lahora.mx\/index.php\/wp-json\/wp\/v2\/media\/64900"}],"wp:attachment":[{"href":"https:\/\/lahora.mx\/index.php\/wp-json\/wp\/v2\/media?parent=64899"}],"wp:term":[{"taxonomy":"category","embeddable":true,"href":"https:\/\/lahora.mx\/index.php\/wp-json\/wp\/v2\/categories?post=64899"},{"taxonomy":"post_tag","embeddable":true,"href":"https:\/\/lahora.mx\/index.php\/wp-json\/wp\/v2\/tags?post=64899"}],"curies":[{"name":"wp","href":"https:\/\/api.w.org\/{rel}","templated":true}]}}