{"id":64892,"date":"2025-07-10T03:23:18","date_gmt":"2025-07-10T03:23:18","guid":{"rendered":"https:\/\/lahora.mx\/?p=64892"},"modified":"2025-07-11T03:01:22","modified_gmt":"2025-07-11T03:01:22","slug":"omar-munoz-entrega-apoyos-a-policias-de-cuautlancingoosvaldo-valenciaporosvaldo-valencia","status":"publish","type":"post","link":"https:\/\/lahora.mx\/index.php\/2025\/07\/10\/omar-munoz-entrega-apoyos-a-policias-de-cuautlancingoosvaldo-valenciaporosvaldo-valencia\/","title":{"rendered":"El alcalde Omar Mu\u00f1oz entrega apoyos a polic\u00edas de Cuautlancingo"},"content":{"rendered":"\n<p>El alcalde Omar Mu\u00f1oz Alfaro entreg\u00f3 apoyos econ\u00f3micos a polic\u00edas municipales de Cuautlancingo por su labor durante la Feria regional y en el combate a la delincuencia.<\/p>\n\n\n\n<p>Este d\u00eda, el presidente municipal otorg\u00f3 est\u00edmulos a los elementos de la Polic\u00eda Municipal de Cuautlancingo.<\/p>\n\n\n\n<p>El edil se\u00f1al\u00f3 que esta acci\u00f3n forma parte del programa \u201cDignificaci\u00f3n del Estado de Fuerza Municipal\u201d.<\/p>\n\n\n\n<p>Afirm\u00f3 que su administraci\u00f3n busca dignificar a los polic\u00edas mediante incentivos econ\u00f3micos, seguros de vida y atenci\u00f3n m\u00e9dica especializada.<\/p>\n\n\n\n<p>Uno de los beneficios proviene del convenio firmado con el Hospital Christus Muguerza, de la UPAEP, para ofrecer servicios m\u00e9dicos m\u00e1s completos.<\/p>\n\n\n\n<p>\u201cEs necesario para nosotros \u2014lo dijimos desde el inicio\u2014 redignificar el servicio p\u00fablico, porque no puedo exigir esfuerzo y dedicaci\u00f3n sin respaldo institucional\u201d, expres\u00f3.<\/p>\n\n\n\n<p>Tambi\u00e9n se entregaron incentivos adicionales a los polic\u00edas que trabajaron durante la Feria de Cuautlancingo, equivalentes a 11 d\u00edas de salario.<\/p>\n\n\n\n<p>Omar Mu\u00f1oz reconoci\u00f3 el esfuerzo de los elementos y subray\u00f3 que su trabajo ha permitido reducir los \u00edndices delictivos en el municipio.<\/p>\n\n\n\n<p>Destac\u00f3 que, a diferencia de administraciones pasadas, Cuautlancingo ha mostrado una disminuci\u00f3n en la incidencia delictiva durante su gesti\u00f3n.<\/p>\n\n\n\n<p>\u201cEs necesario recordar el pasado del que ya salimos. Somos claros en remarcar hacia d\u00f3nde vamos. Aunque no le guste a la oposici\u00f3n, esto es hist\u00f3rico\u201d, concluy\u00f3.<\/p>\n","protected":false},"excerpt":{"rendered":"<p>El alcalde Omar Mu\u00f1oz Alfaro entreg\u00f3 apoyos econ\u00f3micos a polic\u00edas municipales de Cuautlancingo por su labor durante la Feria regional y en el combate a la delincuencia. Este d\u00eda, el presidente municipal otorg\u00f3 est\u00edmulos a los elementos de la Polic\u00eda Municipal de Cuautlancingo. El edil se\u00f1al\u00f3 que esta acci\u00f3n forma parte del programa \u201cDignificaci\u00f3n del [&hellip;]<\/p>\n","protected":false},"author":4,"featured_media":64893,"comment_status":"open","ping_status":"open","sticky":false,"template":"","format":"standard","meta":{"om_disable_all_campaigns":false,"_monsterinsights_skip_tracking":false,"_monsterinsights_sitenote_active":false,"_monsterinsights_sitenote_note":"","_monsterinsights_sitenote_category":0,"footnotes":""},"categories":[175],"tags":[223],"class_list":["post-64892","post","type-post","status-publish","format-standard","has-post-thumbnail","hentry","category-local","tag-puebla"],"amp_enabled":true,"_links":{"self":[{"href":"https:\/\/lahora.mx\/index.php\/wp-json\/wp\/v2\/posts\/64892","targetHints":{"allow":["GET"]}}],"collection":[{"href":"https:\/\/lahora.mx\/index.php\/wp-json\/wp\/v2\/posts"}],"about":[{"href":"https:\/\/lahora.mx\/index.php\/wp-json\/wp\/v2\/types\/post"}],"author":[{"embeddable":true,"href":"https:\/\/lahora.mx\/index.php\/wp-json\/wp\/v2\/users\/4"}],"replies":[{"embeddable":true,"href":"https:\/\/lahora.mx\/index.php\/wp-json\/wp\/v2\/comments?post=64892"}],"version-history":[{"count":2,"href":"https:\/\/lahora.mx\/index.php\/wp-json\/wp\/v2\/posts\/64892\/revisions"}],"predecessor-version":[{"id":64962,"href":"https:\/\/lahora.mx\/index.php\/wp-json\/wp\/v2\/posts\/64892\/revisions\/64962"}],"wp:featuredmedia":[{"embeddable":true,"href":"https:\/\/lahora.mx\/index.php\/wp-json\/wp\/v2\/media\/64893"}],"wp:attachment":[{"href":"https:\/\/lahora.mx\/index.php\/wp-json\/wp\/v2\/media?parent=64892"}],"wp:term":[{"taxonomy":"category","embeddable":true,"href":"https:\/\/lahora.mx\/index.php\/wp-json\/wp\/v2\/categories?post=64892"},{"taxonomy":"post_tag","embeddable":true,"href":"https:\/\/lahora.mx\/index.php\/wp-json\/wp\/v2\/tags?post=64892"}],"curies":[{"name":"wp","href":"https:\/\/api.w.org\/{rel}","templated":true}]}}