{"id":64889,"date":"2025-07-10T03:19:30","date_gmt":"2025-07-10T03:19:30","guid":{"rendered":"https:\/\/lahora.mx\/?p=64889"},"modified":"2025-07-10T03:19:31","modified_gmt":"2025-07-10T03:19:31","slug":"lupita-cuautle-rendira-su-segundo-informe-trimestral-en-san-rafael-comac","status":"publish","type":"post","link":"https:\/\/lahora.mx\/index.php\/2025\/07\/10\/lupita-cuautle-rendira-su-segundo-informe-trimestral-en-san-rafael-comac\/","title":{"rendered":"Lupita Cuautle rendir\u00e1 su segundo informe trimestral en San Rafael Comac"},"content":{"rendered":"\n<p>La presidenta municipal de San Andr\u00e9s Cholula, Guadalupe Cuautle Torres invit\u00f3 a las sanandrese\u00f1as y los sanandrese\u00f1os, a su segundo informe trimestral de este a\u00f1o, el cual se llevar\u00e1 a cabo el pr\u00f3ximo 22 de julio en la junta auxiliar de San Rafael Comac.<br>Record\u00f3 que el primer informe trimestral de actividades del 2025 se llev\u00f3 a cabo en la junta auxiliar de Santa Mar\u00eda Tonantzintla, el pasado 23 de abril; este segundo se realizar\u00e1 a las 10:00 horas en el campo deportivo de San Rafael Comac.<br>Destac\u00f3 que estos ejercicios se hacen con el prop\u00f3sito de rendir cuentas a la ciudadan\u00eda sobre las acciones realizadas del mes de abril a junio de este a\u00f1o, los avances logrados y los compromisos cumplidos.<br>\u201cEstoy muy contenta de darle un informe a la ciudadan\u00eda, de rendir cuentas, del trabajo realizado durante este trimestre\u201d, enfatiz\u00f3, la alcaldesa del ayuntamiento de San Andr\u00e9s Cholula.<br>Finalmente, dio a conocer que en octubre, en el Parque Intermunicipal de Cholula llevar\u00e1 a cabo su informe anual, \u201cya falta poco, el tiempo pasa r\u00e1pido, seguimos con el compromiso y la responsabilidad que nos otorgaron los ciudadanos, de atender las necesidades, con la caracter\u00edstica que tiene este gobierno de dar resultados\u201d.<\/p>\n","protected":false},"excerpt":{"rendered":"<p>La presidenta municipal de San Andr\u00e9s Cholula, Guadalupe Cuautle Torres invit\u00f3 a las sanandrese\u00f1as y los sanandrese\u00f1os, a su segundo informe trimestral de este a\u00f1o, el cual se llevar\u00e1 a cabo el pr\u00f3ximo 22 de julio en la junta auxiliar de San Rafael Comac.Record\u00f3 que el primer informe trimestral de actividades del 2025 se llev\u00f3 [&hellip;]<\/p>\n","protected":false},"author":4,"featured_media":64890,"comment_status":"open","ping_status":"open","sticky":false,"template":"","format":"standard","meta":{"om_disable_all_campaigns":false,"_monsterinsights_skip_tracking":false,"_monsterinsights_sitenote_active":false,"_monsterinsights_sitenote_note":"","_monsterinsights_sitenote_category":0,"footnotes":""},"categories":[175],"tags":[234,223],"class_list":["post-64889","post","type-post","status-publish","format-standard","has-post-thumbnail","hentry","category-local","tag-cholula","tag-puebla"],"amp_enabled":true,"_links":{"self":[{"href":"https:\/\/lahora.mx\/index.php\/wp-json\/wp\/v2\/posts\/64889","targetHints":{"allow":["GET"]}}],"collection":[{"href":"https:\/\/lahora.mx\/index.php\/wp-json\/wp\/v2\/posts"}],"about":[{"href":"https:\/\/lahora.mx\/index.php\/wp-json\/wp\/v2\/types\/post"}],"author":[{"embeddable":true,"href":"https:\/\/lahora.mx\/index.php\/wp-json\/wp\/v2\/users\/4"}],"replies":[{"embeddable":true,"href":"https:\/\/lahora.mx\/index.php\/wp-json\/wp\/v2\/comments?post=64889"}],"version-history":[{"count":1,"href":"https:\/\/lahora.mx\/index.php\/wp-json\/wp\/v2\/posts\/64889\/revisions"}],"predecessor-version":[{"id":64891,"href":"https:\/\/lahora.mx\/index.php\/wp-json\/wp\/v2\/posts\/64889\/revisions\/64891"}],"wp:featuredmedia":[{"embeddable":true,"href":"https:\/\/lahora.mx\/index.php\/wp-json\/wp\/v2\/media\/64890"}],"wp:attachment":[{"href":"https:\/\/lahora.mx\/index.php\/wp-json\/wp\/v2\/media?parent=64889"}],"wp:term":[{"taxonomy":"category","embeddable":true,"href":"https:\/\/lahora.mx\/index.php\/wp-json\/wp\/v2\/categories?post=64889"},{"taxonomy":"post_tag","embeddable":true,"href":"https:\/\/lahora.mx\/index.php\/wp-json\/wp\/v2\/tags?post=64889"}],"curies":[{"name":"wp","href":"https:\/\/api.w.org\/{rel}","templated":true}]}}