{"id":64886,"date":"2025-07-10T03:18:32","date_gmt":"2025-07-10T03:18:32","guid":{"rendered":"https:\/\/lahora.mx\/?p=64886"},"modified":"2025-07-10T03:18:33","modified_gmt":"2025-07-10T03:18:33","slug":"sheinbaum-reconoce-caida-del-empleo-en-mexico","status":"publish","type":"post","link":"https:\/\/lahora.mx\/index.php\/2025\/07\/10\/sheinbaum-reconoce-caida-del-empleo-en-mexico\/","title":{"rendered":"Sheinbaum reconoce ca\u00edda del empleo en M\u00e9xico"},"content":{"rendered":"\n<p>La sequ\u00eda y la incertidumbre econ\u00f3mica han provocado que haya una ca\u00edda en el empleo en M\u00e9xico, reconoci\u00f3 la presidenta Claudia Sheinbaum en la rueda de prensa matutina de este mi\u00e9rcoles.<\/p>\n\n\n\n<p>La titular del Ejecutivo coment\u00f3 que una vez que inicie la etapa m\u00e1s intensa de los proyectos m\u00e1s importantes de su administraci\u00f3n habr\u00e1 una recuperaci\u00f3n econ\u00f3mica importante en el empleo en M\u00e9xico.<\/p>\n\n\n\n<p>Play Video<\/p>\n\n\n\n<p>\u00abY se va a recuperar el empleo, tengo la certeza, porque estamos trabajando en ello; y, adem\u00e1s, el plan lo estamos desarrollando y estamos hablando con las empresas; y evitando que pueda aumentar.<\/p>\n\n\n\n<p>\u00abEstamos haciendo lo que est\u00e1 en nuestras manos y se va a recuperar. Hubo una parte vinculada con agricultura, que es estacional. Pero, adem\u00e1s, la sequ\u00eda, que afortunadamente est\u00e1 lloviendo en todo el pa\u00eds\u201d, coment\u00f3 Sheinbaum.<\/p>\n\n\n\n<p>Otra raz\u00f3n para explicar la reducci\u00f3n en el n\u00famero de empleos formales en M\u00e9xico es la incertidumbre econ\u00f3mica desatada desde los Estados Unidos por el proteccionismo impulsado por Donald Trump.<\/p>\n\n\n\n<p>\u00abUna parte que tiene que ver con la manufactura, que est\u00e1 directamente asociada a los temas de la disminuci\u00f3n de exportaciones durante un periodo; se est\u00e1n recuperando las exportaciones\u201d, expuso la titular del Ejeutivo.<\/p>\n\n\n\n<p>Dijo que una vez que inicien las etapas m\u00e1s intensas de los proyectos de obra p\u00fablica impulsados por el gobierno federal (trenes de pasajeros y de carga, carreteras, vivienda, infraestructura), se tendr\u00e1 una recuperaci\u00f3n en los empleos directos e indirectos.<\/p>\n","protected":false},"excerpt":{"rendered":"<p>La sequ\u00eda y la incertidumbre econ\u00f3mica han provocado que haya una ca\u00edda en el empleo en M\u00e9xico, reconoci\u00f3 la presidenta Claudia Sheinbaum en la rueda de prensa matutina de este mi\u00e9rcoles. La titular del Ejecutivo coment\u00f3 que una vez que inicie la etapa m\u00e1s intensa de los proyectos m\u00e1s importantes de su administraci\u00f3n habr\u00e1 una [&hellip;]<\/p>\n","protected":false},"author":4,"featured_media":64887,"comment_status":"open","ping_status":"open","sticky":false,"template":"","format":"standard","meta":{"om_disable_all_campaigns":false,"_monsterinsights_skip_tracking":false,"_monsterinsights_sitenote_active":false,"_monsterinsights_sitenote_note":"","_monsterinsights_sitenote_category":0,"footnotes":""},"categories":[175,176],"tags":[223],"class_list":["post-64886","post","type-post","status-publish","format-standard","has-post-thumbnail","hentry","category-local","category-nacional","tag-puebla"],"amp_enabled":true,"_links":{"self":[{"href":"https:\/\/lahora.mx\/index.php\/wp-json\/wp\/v2\/posts\/64886","targetHints":{"allow":["GET"]}}],"collection":[{"href":"https:\/\/lahora.mx\/index.php\/wp-json\/wp\/v2\/posts"}],"about":[{"href":"https:\/\/lahora.mx\/index.php\/wp-json\/wp\/v2\/types\/post"}],"author":[{"embeddable":true,"href":"https:\/\/lahora.mx\/index.php\/wp-json\/wp\/v2\/users\/4"}],"replies":[{"embeddable":true,"href":"https:\/\/lahora.mx\/index.php\/wp-json\/wp\/v2\/comments?post=64886"}],"version-history":[{"count":1,"href":"https:\/\/lahora.mx\/index.php\/wp-json\/wp\/v2\/posts\/64886\/revisions"}],"predecessor-version":[{"id":64888,"href":"https:\/\/lahora.mx\/index.php\/wp-json\/wp\/v2\/posts\/64886\/revisions\/64888"}],"wp:featuredmedia":[{"embeddable":true,"href":"https:\/\/lahora.mx\/index.php\/wp-json\/wp\/v2\/media\/64887"}],"wp:attachment":[{"href":"https:\/\/lahora.mx\/index.php\/wp-json\/wp\/v2\/media?parent=64886"}],"wp:term":[{"taxonomy":"category","embeddable":true,"href":"https:\/\/lahora.mx\/index.php\/wp-json\/wp\/v2\/categories?post=64886"},{"taxonomy":"post_tag","embeddable":true,"href":"https:\/\/lahora.mx\/index.php\/wp-json\/wp\/v2\/tags?post=64886"}],"curies":[{"name":"wp","href":"https:\/\/api.w.org\/{rel}","templated":true}]}}