{"id":64880,"date":"2025-07-10T02:21:53","date_gmt":"2025-07-10T02:21:53","guid":{"rendered":"https:\/\/lahora.mx\/?p=64880"},"modified":"2025-07-10T02:21:54","modified_gmt":"2025-07-10T02:21:54","slug":"ssp-puebla-detecta-siete-patrullas-clonadas-sobre-la-autopista-mexico-veracruz","status":"publish","type":"post","link":"https:\/\/lahora.mx\/index.php\/2025\/07\/10\/ssp-puebla-detecta-siete-patrullas-clonadas-sobre-la-autopista-mexico-veracruz\/","title":{"rendered":"SSP Puebla detecta siete patrullas clonadas sobre la autopista M\u00e9xico-Veracruz"},"content":{"rendered":"\n<p>La Secretar\u00eda de Seguridad P\u00fablica de Puebla (SPP) detect\u00f3 siete patrullas clonadas que operaban sobre la autopista M\u00e9xico-Veracruz, a la altura del \u00abtri\u00e1ngulo rojo\u00bb, inform\u00f3 el titular Francisco S\u00e1nchez Gonz\u00e1lez.<\/p>\n\n\n\n<p>Explic\u00f3 que, a bordo de estas unidades falsas de la Polic\u00eda Estatal, personas cometieron varios delitos.<\/p>\n\n\n\n<p>Las declaraciones del secretario se dan luego de la detenci\u00f3n que realiz\u00f3 la Guardia Nacional de dos hombres que circulaban a bordo de un veh\u00edculo que simulaba a una patrulla y que usaban para realizar atracos; adem\u00e1s se aseguraron chalecos t\u00e1cticos, insignias con leyendas de \u201cPolic\u00eda Estatal\u201d y placas met\u00e1licas que imitaban a las de uso oficial.<\/p>\n\n\n\n<p>Al respecto, el vicealmirante coment\u00f3 que ten\u00eda informaci\u00f3n de la presencia de dos \u201cpatrullas clonadas\u201d, por lo que se inici\u00f3 un operativo especial y se logr\u00f3 dar con siete veh\u00edculos \u201cfake\u201d.<\/p>\n\n\n\n<p>Detall\u00f3 que fueron interceptadas en los tramos de Esperanza y Palmar de Bravo, donde existe una \u201cgran actividad\u201d delictiva, por lo que se mantiene la presencia de las fuerzas armadas.<\/p>\n\n\n\n<p>Por lo anterior, el secretario de Seguridad mencion\u00f3 que siguen a la espera de que el proyecto para la instalaci\u00f3n de 218 c\u00e1maras de vigilancia en 60 tramos de la autopista M\u00e9xico-Veracruz sea aprobado por Desarrollo Carretero de la Federaci\u00f3n, a fin de que se puedan reforzar las acciones de seguridad en dicha carretera.<\/p>\n\n\n\n<p>Aunado a ello, Francisco S\u00e1nchez destac\u00f3 que est\u00e1n por instalarse otros dos \u201cParaderos Seguros\u201d, de los cuales, uno estar\u00e1 en Esperanza, donde se ofrecer\u00e1n espacios seguros para descanso de quienes circulan en las carreteras de Puebla.<\/p>\n","protected":false},"excerpt":{"rendered":"<p>La Secretar\u00eda de Seguridad P\u00fablica de Puebla (SPP) detect\u00f3 siete patrullas clonadas que operaban sobre la autopista M\u00e9xico-Veracruz, a la altura del \u00abtri\u00e1ngulo rojo\u00bb, inform\u00f3 el titular Francisco S\u00e1nchez Gonz\u00e1lez. Explic\u00f3 que, a bordo de estas unidades falsas de la Polic\u00eda Estatal, personas cometieron varios delitos. Las declaraciones del secretario se dan luego de la [&hellip;]<\/p>\n","protected":false},"author":4,"featured_media":64881,"comment_status":"open","ping_status":"open","sticky":false,"template":"","format":"standard","meta":{"om_disable_all_campaigns":false,"_monsterinsights_skip_tracking":false,"_monsterinsights_sitenote_active":false,"_monsterinsights_sitenote_note":"","_monsterinsights_sitenote_category":0,"footnotes":""},"categories":[175,226],"tags":[195,223],"class_list":["post-64880","post","type-post","status-publish","format-standard","has-post-thumbnail","hentry","category-local","category-policia","tag-principal","tag-puebla"],"amp_enabled":true,"_links":{"self":[{"href":"https:\/\/lahora.mx\/index.php\/wp-json\/wp\/v2\/posts\/64880","targetHints":{"allow":["GET"]}}],"collection":[{"href":"https:\/\/lahora.mx\/index.php\/wp-json\/wp\/v2\/posts"}],"about":[{"href":"https:\/\/lahora.mx\/index.php\/wp-json\/wp\/v2\/types\/post"}],"author":[{"embeddable":true,"href":"https:\/\/lahora.mx\/index.php\/wp-json\/wp\/v2\/users\/4"}],"replies":[{"embeddable":true,"href":"https:\/\/lahora.mx\/index.php\/wp-json\/wp\/v2\/comments?post=64880"}],"version-history":[{"count":1,"href":"https:\/\/lahora.mx\/index.php\/wp-json\/wp\/v2\/posts\/64880\/revisions"}],"predecessor-version":[{"id":64882,"href":"https:\/\/lahora.mx\/index.php\/wp-json\/wp\/v2\/posts\/64880\/revisions\/64882"}],"wp:featuredmedia":[{"embeddable":true,"href":"https:\/\/lahora.mx\/index.php\/wp-json\/wp\/v2\/media\/64881"}],"wp:attachment":[{"href":"https:\/\/lahora.mx\/index.php\/wp-json\/wp\/v2\/media?parent=64880"}],"wp:term":[{"taxonomy":"category","embeddable":true,"href":"https:\/\/lahora.mx\/index.php\/wp-json\/wp\/v2\/categories?post=64880"},{"taxonomy":"post_tag","embeddable":true,"href":"https:\/\/lahora.mx\/index.php\/wp-json\/wp\/v2\/tags?post=64880"}],"curies":[{"name":"wp","href":"https:\/\/api.w.org\/{rel}","templated":true}]}}