{"id":64874,"date":"2025-07-10T01:41:44","date_gmt":"2025-07-10T01:41:44","guid":{"rendered":"https:\/\/lahora.mx\/?p=64874"},"modified":"2025-07-10T02:15:50","modified_gmt":"2025-07-10T02:15:50","slug":"reduciran-penas-minimas-y-excluiran-a-servidores-publicos-en-cambios-a-ley-de-ciberasedio","status":"publish","type":"post","link":"https:\/\/lahora.mx\/index.php\/2025\/07\/10\/reduciran-penas-minimas-y-excluiran-a-servidores-publicos-en-cambios-a-ley-de-ciberasedio\/","title":{"rendered":"Reducir\u00e1n penas m\u00ednimas y excluir\u00e1n a servidores p\u00fablicos en cambios a ley de ciberasedio\u00a0"},"content":{"rendered":"\n<p>La legislatura poblana ha definido cu\u00e1l ser\u00e1 la nueva modificaci\u00f3n a la pol\u00e9mica reforma de ciberasedio. Los tres foros ciudadanos, dos mesas de trabajo y un sinf\u00edn de cr\u00edticas vertidas en contra de la norma, no fueron suficientes para lograr su derogaci\u00f3n, pero s\u00ed para crear una iniciativa de reforma que reducir\u00e1 las penas a quien cometa ciberasedio y, adem\u00e1s, que los servidores p\u00fablicos est\u00e9n imposibilitados de denunciar este delito.<\/p>\n\n\n\n<p>La propuesta fue definida este mi\u00e9rcoles por la Junta de Gobierno y Coordinaci\u00f3n Pol\u00edtica del Congreso local, encabezado por la morenista Laura Artemisa Garc\u00eda Ch\u00e1vez. Tal como lo anticip\u00f3 la legisladora, la nueva reforma al C\u00f3digo Penal ser\u00e1 efectiva antes del 15 de julio, fecha en la que concluye el actual periodo ordinario de sesiones. Este jueves 10 de julio se presentar\u00e1 y someter\u00e1 a la aprobaci\u00f3n del Pleno la iniciativa de reforma.<\/p>\n\n\n\n<p>Respecto a su contenido, la propuesta se enfoc\u00f3 en modificar la redacci\u00f3n del art\u00edculo 480, mismo que actualmente sanciona con once meses y hasta tres a\u00f1os de prisi\u00f3n a quien cometa ciberasedio. El cual, de ser aprobado, quedar\u00e1 de la siguiente manera:<\/p>\n\n\n\n<p>\u201cArt\u00edculo 480 Comete el delito de ciberasedio quien, a trav\u00e9s de la utilizaci\u00f3n de las tecnolog\u00edas de la informaci\u00f3n y la comunicaci\u00f3n, redes sociales, correo electr\u00f3nico o cualquier espacio digital, de forma reiterada o sistem\u00e1tica realice actos de vigilancia, hostigamiento, intimidaci\u00f3n u ofensa a otra persona, y como consecuencia altere su vida cotidiana, perturbe su privacidad o da\u00f1e su integridad f\u00edsica o emocional\u201d.<\/p>\n\n\n\n<p><br>La Consejer\u00eda Jur\u00eddica estatal impugn\u00f3 la suspensi\u00f3n temporal que evita la aprehensi\u00f3n de Roberto Celaya por ciberasedio y tambi\u00e9n present\u00f3 una queja contra el juez que concedi\u00f3 la protecci\u00f3n<br>La redacci\u00f3n tambi\u00e9n contempla tres nuevas disposiciones. La primera dicta que, para determinar la existencia del delito, la autoridad deber\u00e1 considerar el contexto de los hechos. En tanto, la segunda se\u00f1ala que el delito se perseguir\u00e1 a petici\u00f3n de parte, excepto cuando la v\u00edctima sea menor de edad, una persona con discapacidad o exista una relaci\u00f3n de autoridad o subordinaci\u00f3n, en cuyos casos ser\u00e1 perseguible de oficio, es decir, sin la necesidad de una denuncia previa.<\/p>\n\n\n\n<p>La tercera disposici\u00f3n es respecto al freno impuesto a servidores p\u00fablicos para que no puedan denunciar este delito. En la iniciativa se propone:<\/p>\n\n\n\n<p>\u201cQuedan excluidas del presente art\u00edculo, las manifestaciones o cr\u00edticas que est\u00e9n orientadas a satisfacer un inter\u00e9s p\u00fablico, garantizar el desarrollo democr\u00e1tico o traten del escrutinio de cualquier \u00f3rgano del Estado o persona servidora p\u00fablica, y todas aquellas expresiones emitidas en el ejercicio leg\u00edtimo de la libertad de expresi\u00f3n y el periodismo, en t\u00e9rminos de la Constituci\u00f3n Pol\u00edtica de los Estados Unidos Mexicanos, los Tratados Internacionales en la materia y dem\u00e1s disposiciones aplicables\u201d.<\/p>\n\n\n\n<p>Ahora, respecto a la reducci\u00f3n de las sanciones, solo fue modificada la pena m\u00ednima, la m\u00e1xima (de tres a\u00f1os) permanece. Asimismo, las multas no sufrieron cambios, pues quedaron fijas en 50 y hasta 300 Unidades de Medida y Actualizaci\u00f3n (UMA), que para este a\u00f1o equivalen a cinco mil 657 a 33 mil 942 pesos. Adem\u00e1s, la sanci\u00f3n se aumentar\u00e1 una tercera parte de la pena m\u00ednima y hasta dos terceras partes de la pena m\u00e1xima cuando la v\u00edctima sea menor de edad.<br><br>Iniciativa divide opiniones en la oposici\u00f3n<br>La nueva iniciativa no tard\u00f3 en despertar opiniones divididas en los partidos opositores PAN, PRI y Movimiento Ciudadano. Este \u00faltimo, a trav\u00e9s de su tambi\u00e9n dirigente estatal, Fedrha Suriano Corrales, se pronunci\u00f3 a favor de la misma, as\u00ed como de su eventual aprobaci\u00f3n.<\/p>\n\n\n\n<p>Argument\u00f3 que dicha propuesta, que recibi\u00f3 el visto bueno de quienes integran la Jugocopo, s\u00ed atendi\u00f3 las sugerencias que ella present\u00f3 d\u00edas antes ante el Pleno: la reducci\u00f3n de sanciones y la exclusi\u00f3n de servidores p\u00fablicos. Incluso, se\u00f1al\u00f3 que la redacci\u00f3n era concreta, un aspecto que fue criticado en la reforma original.<\/p>\n\n\n\n<p>Por su parte, la legisladora priista, Delfina Pozos Vergara, (quien tambi\u00e9n integra la Jugocopo) se mostr\u00f3 inconforme con la iniciativa, ya que su postura sigue firme: que se derogue el art\u00edculo 480. En entrevista, insisti\u00f3 en que la nueva reforma no dar\u00e1 soluci\u00f3n a los riesgos advertidos por organizaciones internacionales, acad\u00e9micos, activistas y la prensa.<br><br>En tanto, el PAN parec\u00eda ajeno a lo que suced\u00eda en el Congreso. Si bien el coordinador de la bancada panista, Marcos Castro, adelant\u00f3 d\u00edas antes cu\u00e1l era la postura de su partido sobre esta reforma (esperar a que pudiera derogarse y en tanto planear un nuevo art\u00edculo), no fue hasta este mi\u00e9rcoles -cuando ya estaba hecha la propuesta final- que su partido materializ\u00f3 sus sugerencias. Es decir, fue imposible incluirlas.<\/p>\n\n\n\n<p>Castro, quien integra la Jugocopo, se ausent\u00f3 este mi\u00e9rcoles. En su lugar, la diputada Celia Bonaga explic\u00f3 que fue la legisladora de su bancada Susana Riestra Pi\u00f1a, quien present\u00f3 ante la Secretar\u00eda General su propuesta, ya que contempl\u00f3 que el plazo m\u00e1ximo para hacerlo era el 15 de julio. En realidad, con base en entrevistas previas con Garc\u00eda Ch\u00e1vez, en tal fecha ya debe ser promulgada la nueva reforma, a fin de evitar acciones de inconstitucionalidad en contra de la misma. Evidentemente, las propuestas deb\u00edan presentarse mucho antes.<br><br>Al ser cuestionada Bonaga sobre el por qu\u00e9 esperar al final para presentar dicho documento, respondi\u00f3: \u201chab\u00edamos considerado que en tiempos ten\u00edamos hasta el 15, segu\u00edamos recopilando informaci\u00f3n, otra vez volvemos a caer en las prisas \u00bfqu\u00e9 tanta prisa hay?\u201d<\/p>\n","protected":false},"excerpt":{"rendered":"<p>La legislatura poblana ha definido cu\u00e1l ser\u00e1 la nueva modificaci\u00f3n a la pol\u00e9mica reforma de ciberasedio. Los tres foros ciudadanos, dos mesas de trabajo y un sinf\u00edn de cr\u00edticas vertidas en contra de la norma, no fueron suficientes para lograr su derogaci\u00f3n, pero s\u00ed para crear una iniciativa de reforma que reducir\u00e1 las penas a [&hellip;]<\/p>\n","protected":false},"author":4,"featured_media":64875,"comment_status":"open","ping_status":"open","sticky":false,"template":"","format":"standard","meta":{"om_disable_all_campaigns":false,"_monsterinsights_skip_tracking":false,"_monsterinsights_sitenote_active":false,"_monsterinsights_sitenote_note":"","_monsterinsights_sitenote_category":0,"footnotes":""},"categories":[175],"tags":[195,223],"class_list":["post-64874","post","type-post","status-publish","format-standard","has-post-thumbnail","hentry","category-local","tag-principal","tag-puebla"],"amp_enabled":true,"_links":{"self":[{"href":"https:\/\/lahora.mx\/index.php\/wp-json\/wp\/v2\/posts\/64874","targetHints":{"allow":["GET"]}}],"collection":[{"href":"https:\/\/lahora.mx\/index.php\/wp-json\/wp\/v2\/posts"}],"about":[{"href":"https:\/\/lahora.mx\/index.php\/wp-json\/wp\/v2\/types\/post"}],"author":[{"embeddable":true,"href":"https:\/\/lahora.mx\/index.php\/wp-json\/wp\/v2\/users\/4"}],"replies":[{"embeddable":true,"href":"https:\/\/lahora.mx\/index.php\/wp-json\/wp\/v2\/comments?post=64874"}],"version-history":[{"count":1,"href":"https:\/\/lahora.mx\/index.php\/wp-json\/wp\/v2\/posts\/64874\/revisions"}],"predecessor-version":[{"id":64876,"href":"https:\/\/lahora.mx\/index.php\/wp-json\/wp\/v2\/posts\/64874\/revisions\/64876"}],"wp:featuredmedia":[{"embeddable":true,"href":"https:\/\/lahora.mx\/index.php\/wp-json\/wp\/v2\/media\/64875"}],"wp:attachment":[{"href":"https:\/\/lahora.mx\/index.php\/wp-json\/wp\/v2\/media?parent=64874"}],"wp:term":[{"taxonomy":"category","embeddable":true,"href":"https:\/\/lahora.mx\/index.php\/wp-json\/wp\/v2\/categories?post=64874"},{"taxonomy":"post_tag","embeddable":true,"href":"https:\/\/lahora.mx\/index.php\/wp-json\/wp\/v2\/tags?post=64874"}],"curies":[{"name":"wp","href":"https:\/\/api.w.org\/{rel}","templated":true}]}}