{"id":64856,"date":"2025-07-10T00:39:25","date_gmt":"2025-07-10T00:39:25","guid":{"rendered":"https:\/\/lahora.mx\/?p=64856"},"modified":"2025-07-10T00:39:25","modified_gmt":"2025-07-10T00:39:25","slug":"se-registra-volcadura-de-camion-sobre-la-teziutlan-virreyes-en-zaragoza","status":"publish","type":"post","link":"https:\/\/lahora.mx\/index.php\/2025\/07\/10\/se-registra-volcadura-de-camion-sobre-la-teziutlan-virreyes-en-zaragoza\/","title":{"rendered":"Se registra volcadura de cami\u00f3n sobre la Teziutl\u00e1n-Virreyes en Zaragoza"},"content":{"rendered":"\n<p>La volcadura de un peque\u00f1o cami\u00f3n sobre la carretera estatal de cuota San Antonio Virreyes-Teziutl\u00e1n dej\u00f3 el cierre parcial de la vialidad por m\u00e1s de 3 horas mientras que personal atend\u00eda el siniestro.<br><br>El percance ocurri\u00f3 en el tramo carretero Oyameles-Teziutl\u00e1n, a la altura del kil\u00f3metro 106 + 860 el cual se encuentra en las inmediaciones del municipio de Zaragoza, luego de que el conductor de un peque\u00f1o cami\u00f3n marca Isuzu volcara quedando tendido sobre la cinta asf\u00e1ltica sin que pudieran circular unidades.<\/p>\n\n\n\n<p>Sobre c\u00f3mo se origin\u00f3 el percance automovil\u00edstico, se inform\u00f3 que el automotor se dirig\u00eda con sentido a Teziutl\u00e1n, sin embargo, la falta de precauci\u00f3n al conducir y el exceso de velocidad, provocaron que el conductor perdiera el control del volante, siendo as\u00ed c\u00f3mo termin\u00f3 volcado sobre su costado derecho, bloqueando gran parte de la cinta de rodamiento.<\/p>\n\n\n\n<p>Al lugar arribaron las unidades de emergencia de Tlatlauquitepec y Zaragoza quienes tomaron conocimiento de la volcadura por lo que minutos despu\u00e9s arribaron los elementos de Proximidad de caminos y carreteras estatales de Puebla para tomar conocimiento de la situaci\u00f3n a darle atenci\u00f3n al conductor de nombre Ricardo \u201cL\u00bb de 26 a\u00f1os de edad, con domicilio en Bosques de Manzanilla de la ciudad de Puebla.<\/p>\n\n\n\n<p>Las autoridades dieron a conocer que afortunadamente el conductor solo present\u00f3 crisis nerviosa tras el fuerte susto, as\u00ed como da\u00f1os materiales a la unidad y a la carpeta asf\u00e1ltica.<\/p>\n\n\n\n<p>Al final el cami\u00f3n fue rescatado y llevado al corral\u00f3n oficial quedando a disposici\u00f3n de las autoridades del estado.<\/p>\n","protected":false},"excerpt":{"rendered":"<p>La volcadura de un peque\u00f1o cami\u00f3n sobre la carretera estatal de cuota San Antonio Virreyes-Teziutl\u00e1n dej\u00f3 el cierre parcial de la vialidad por m\u00e1s de 3 horas mientras que personal atend\u00eda el siniestro. El percance ocurri\u00f3 en el tramo carretero Oyameles-Teziutl\u00e1n, a la altura del kil\u00f3metro 106 + 860 el cual se encuentra en las [&hellip;]<\/p>\n","protected":false},"author":4,"featured_media":64857,"comment_status":"open","ping_status":"open","sticky":false,"template":"","format":"standard","meta":{"om_disable_all_campaigns":false,"_monsterinsights_skip_tracking":false,"_monsterinsights_sitenote_active":false,"_monsterinsights_sitenote_note":"","_monsterinsights_sitenote_category":0,"footnotes":""},"categories":[175,226],"tags":[],"class_list":["post-64856","post","type-post","status-publish","format-standard","has-post-thumbnail","hentry","category-local","category-policia"],"amp_enabled":true,"_links":{"self":[{"href":"https:\/\/lahora.mx\/index.php\/wp-json\/wp\/v2\/posts\/64856","targetHints":{"allow":["GET"]}}],"collection":[{"href":"https:\/\/lahora.mx\/index.php\/wp-json\/wp\/v2\/posts"}],"about":[{"href":"https:\/\/lahora.mx\/index.php\/wp-json\/wp\/v2\/types\/post"}],"author":[{"embeddable":true,"href":"https:\/\/lahora.mx\/index.php\/wp-json\/wp\/v2\/users\/4"}],"replies":[{"embeddable":true,"href":"https:\/\/lahora.mx\/index.php\/wp-json\/wp\/v2\/comments?post=64856"}],"version-history":[{"count":1,"href":"https:\/\/lahora.mx\/index.php\/wp-json\/wp\/v2\/posts\/64856\/revisions"}],"predecessor-version":[{"id":64858,"href":"https:\/\/lahora.mx\/index.php\/wp-json\/wp\/v2\/posts\/64856\/revisions\/64858"}],"wp:featuredmedia":[{"embeddable":true,"href":"https:\/\/lahora.mx\/index.php\/wp-json\/wp\/v2\/media\/64857"}],"wp:attachment":[{"href":"https:\/\/lahora.mx\/index.php\/wp-json\/wp\/v2\/media?parent=64856"}],"wp:term":[{"taxonomy":"category","embeddable":true,"href":"https:\/\/lahora.mx\/index.php\/wp-json\/wp\/v2\/categories?post=64856"},{"taxonomy":"post_tag","embeddable":true,"href":"https:\/\/lahora.mx\/index.php\/wp-json\/wp\/v2\/tags?post=64856"}],"curies":[{"name":"wp","href":"https:\/\/api.w.org\/{rel}","templated":true}]}}