{"id":64853,"date":"2025-07-09T23:55:47","date_gmt":"2025-07-09T23:55:47","guid":{"rendered":"https:\/\/lahora.mx\/?p=64853"},"modified":"2025-07-09T23:55:48","modified_gmt":"2025-07-09T23:55:48","slug":"habra-multa-por-no-cumplir-con-la-curp-biometrica-en-mexico","status":"publish","type":"post","link":"https:\/\/lahora.mx\/index.php\/2025\/07\/09\/habra-multa-por-no-cumplir-con-la-curp-biometrica-en-mexico\/","title":{"rendered":"Habr\u00e1 multa por no cumplir con la CURP Biom\u00e9trica en M\u00e9xico"},"content":{"rendered":"\n<p>De acuerdo con la reciente reforma a la Ley General de Poblaci\u00f3n publicada en el Diario Oficial de la Federaci\u00f3n (DOF), dio inicio al proceso de implementaci\u00f3n de la CURP biom\u00e9trica en M\u00e9xico.<br><br>En esta nueva versi\u00f3n de la CURP se integrar\u00e1n datos espec\u00edficos de cada ciudadano como parte de la modernizaci\u00f3n de la identificaci\u00f3n oficial en el pa\u00eds, en caso de que no se tramite, podr\u00eda generar una multa.<\/p>\n\n\n\n<p>La CURP biom\u00e9trica es un documento de identidad que incorporar\u00e1 informaci\u00f3n personal y f\u00edsica de cada mexicano. De acuerdo con la reforma, este documento integrar\u00e1:<\/p>\n\n\n\n<p>Fotograf\u00eda<\/p>\n\n\n\n<p>Huellas dactilares<\/p>\n\n\n\n<p>Firma digital<\/p>\n\n\n\n<p>Escaneo del iris<\/p>\n\n\n\n<p>Todo esto con el objetivo de generar un sistema unificado de identidad que facilite tr\u00e1mites y valide la informaci\u00f3n de ciudadanos ante dependencias p\u00fablicas y privadas, tambi\u00e9n funcionar\u00e1 como requisito para acceder a programas sociales, servicios de salud y como apoyo para localizar personas desaparecidas.<\/p>\n\n\n\n<p>Dicha reforma establece multas para las autoridades que no cumplan con la integraci\u00f3n de datos biom\u00e9tricos en la CURP.<\/p>\n\n\n\n<p>Las multas por no tramitar la CURP Biom\u00e9trica van de 10,000 a 20,000 Unidades de Medida y Actualizaci\u00f3n (UMA), equivalentes a aproximadamente 1.1 a 2.2 millones de pesos. Aplicar\u00edan para dependencias federales, estatales y municipales que no habiliten en tiempo y forma los mecanismo de consulta, transferencia y validaci\u00f3n de la informaci\u00f3n.<\/p>\n\n\n\n<p>El dictamen da un plazo de 90 d\u00edas, contados a partir de la entrada en vigor de la reforma, para que las autoridades adapten sus procesos<\/p>\n\n\n\n<p>El programa piloto de la CURP biom\u00e9trica inici\u00f3 en el estado de Veracruz, espec\u00edficamente en los municipios de Xalapa, Coatzacoalcos y Poza Rica. Para tramitarla, los ciudadanos deben acudir al Registro Civil con:<\/p>\n\n\n\n<p>Acta de nacimiento<\/p>\n\n\n\n<p>Identificaci\u00f3n oficial vigente<\/p>\n\n\n\n<p>CURP cl\u00e1sica<\/p>\n\n\n\n<p>Comprobante de domicilio<\/p>\n\n\n\n<p>Correo electr\u00f3nico<\/p>\n\n\n\n<p>Conforme avance el proyecto, la CURP biom\u00e9trica se implementar\u00e1 de manera paulatina en las dem\u00e1s entidades del pa\u00eds.<\/p>\n\n\n\n<p>Las autoridades han se\u00f1alado que este tr\u00e1mite se mantendr\u00e1 gratuito a nivel nacional una vez que se d\u00e9 a conocer la fecha oficial para solicitar la CURP Biom\u00e9trica en todo M\u00e9xico.<\/p>\n\n\n\n<p><\/p>\n","protected":false},"excerpt":{"rendered":"<p>De acuerdo con la reciente reforma a la Ley General de Poblaci\u00f3n publicada en el Diario Oficial de la Federaci\u00f3n (DOF), dio inicio al proceso de implementaci\u00f3n de la CURP biom\u00e9trica en M\u00e9xico. En esta nueva versi\u00f3n de la CURP se integrar\u00e1n datos espec\u00edficos de cada ciudadano como parte de la modernizaci\u00f3n de la identificaci\u00f3n [&hellip;]<\/p>\n","protected":false},"author":4,"featured_media":64854,"comment_status":"open","ping_status":"open","sticky":false,"template":"","format":"standard","meta":{"om_disable_all_campaigns":false,"_monsterinsights_skip_tracking":false,"_monsterinsights_sitenote_active":false,"_monsterinsights_sitenote_note":"","_monsterinsights_sitenote_category":0,"footnotes":""},"categories":[175,176],"tags":[195,223],"class_list":["post-64853","post","type-post","status-publish","format-standard","has-post-thumbnail","hentry","category-local","category-nacional","tag-principal","tag-puebla"],"amp_enabled":true,"_links":{"self":[{"href":"https:\/\/lahora.mx\/index.php\/wp-json\/wp\/v2\/posts\/64853","targetHints":{"allow":["GET"]}}],"collection":[{"href":"https:\/\/lahora.mx\/index.php\/wp-json\/wp\/v2\/posts"}],"about":[{"href":"https:\/\/lahora.mx\/index.php\/wp-json\/wp\/v2\/types\/post"}],"author":[{"embeddable":true,"href":"https:\/\/lahora.mx\/index.php\/wp-json\/wp\/v2\/users\/4"}],"replies":[{"embeddable":true,"href":"https:\/\/lahora.mx\/index.php\/wp-json\/wp\/v2\/comments?post=64853"}],"version-history":[{"count":1,"href":"https:\/\/lahora.mx\/index.php\/wp-json\/wp\/v2\/posts\/64853\/revisions"}],"predecessor-version":[{"id":64855,"href":"https:\/\/lahora.mx\/index.php\/wp-json\/wp\/v2\/posts\/64853\/revisions\/64855"}],"wp:featuredmedia":[{"embeddable":true,"href":"https:\/\/lahora.mx\/index.php\/wp-json\/wp\/v2\/media\/64854"}],"wp:attachment":[{"href":"https:\/\/lahora.mx\/index.php\/wp-json\/wp\/v2\/media?parent=64853"}],"wp:term":[{"taxonomy":"category","embeddable":true,"href":"https:\/\/lahora.mx\/index.php\/wp-json\/wp\/v2\/categories?post=64853"},{"taxonomy":"post_tag","embeddable":true,"href":"https:\/\/lahora.mx\/index.php\/wp-json\/wp\/v2\/tags?post=64853"}],"curies":[{"name":"wp","href":"https:\/\/api.w.org\/{rel}","templated":true}]}}