{"id":64820,"date":"2025-07-09T00:15:33","date_gmt":"2025-07-09T00:15:33","guid":{"rendered":"https:\/\/lahora.mx\/?p=64820"},"modified":"2025-07-09T00:15:34","modified_gmt":"2025-07-09T00:15:34","slug":"mayoria-de-extorsiones-afectan-a-seis-municipios-poblanos-ssp","status":"publish","type":"post","link":"https:\/\/lahora.mx\/index.php\/2025\/07\/09\/mayoria-de-extorsiones-afectan-a-seis-municipios-poblanos-ssp\/","title":{"rendered":"Mayor\u00eda de extorsiones afectan a seis municipios poblanos: SSP"},"content":{"rendered":"\n<p>En Puebla se crear\u00e1 la Unidad Estatal Antiextorsi\u00f3n y se habilitar\u00e1 la l\u00ednea telef\u00f3nica 089 para hacer denuncias de forma an\u00f3nima, como parte de la \u00abEstrategia Estatal Contra la Extorsi\u00f3n\u00bb. La idea es combatir esta pr\u00e1ctica que se comete con mayor regularidad en seis municipios del estado, incluida la capital, donde se concentra el 70% de los delitos.<\/p>\n\n\n\n<p>El anuncio lo hizo el secretario de Seguridad del estado, Francisco S\u00e1nchez Gonz\u00e1lez, quien inform\u00f3 se han abierto 108 carpetas de investigaci\u00f3n en lo que va de 2025 por extorsi\u00f3n, lo que coloca a Puebla en lugar n\u00famero 11 a nivel nacional por este delito que en ocasiones se registra desde los penales federales como Puente Grande y El Altiplano<\/p>\n\n\n\n<p>Detall\u00f3 que los municipios con m\u00e1s casos son: Puebla capital con 55, San Andr\u00e9s Cholula con 8, San Mart\u00edn Texmelucan con 4, as\u00ed como Amozoc, Tehuac\u00e1n y Huauchinango, con 3 cada uno.<\/p>\n\n\n\n<p>En conferencia de prensa junto con el gobernador Alejandro Armenta Mier, el vicealmirante explic\u00f3 que estas acciones se alinean a la estrategia nacional impulsada por la presidenta Claudia Sheinbaum Pardo, y que tienen como objetivo prevenir, contener y desarticular redes de extorsi\u00f3n, incluyendo las seudo organizaciones y personajes que se dedican al \u201ccobro de piso\u201d en mercados y otras zonas comerciales.<\/p>\n\n\n\n<p>A su vez, el mandatario estatal reconoci\u00f3 que esta pr\u00e1ctica es un problema grave y que genera un impacto negativo en las familias, por lo que exhort\u00f3 a la poblaci\u00f3n a denunciar si son v\u00edctimas, al asegurar que todos los casos ser\u00e1n investigados y que se cuenta con el equipo necesario para ello.<\/p>\n\n\n\n<p>En este sentido, asegur\u00f3 que se reforzar\u00e1 la capacidad de inteligencia, operaci\u00f3n policial y atenci\u00f3n ciudadana, con el prop\u00f3sito de reducir la incidencia de extorsi\u00f3n en el estado y fortalecer la confianza de las personas en las instituciones de seguridad y justicia.<\/p>\n\n\n\n<p>Se trabajar\u00e1 en seis ejes<br>La estrategia estatal presentada este martes se desarrollar\u00e1 a trav\u00e9s de seis ejes:<\/p>\n\n\n\n<p>-Inteligencia en investigaci\u00f3n, para integrar un grupo especializado entre la Fiscal\u00eda, Seguridad, Guardia Nacional y el Centro Nacional de Inteligencia (CNI) para el an\u00e1lisis de redes, patrones, llamadas y movimientos bancarios.<\/p>\n\n\n\n<p>-Creaci\u00f3n del Centro Estatal Antiextorsi\u00f3n, con un equipo multidisciplinario con atenci\u00f3n a v\u00edctimas, persecuci\u00f3n penal y reacci\u00f3n inmediata que estar\u00e1 operando a partir de agosto.<\/p>\n\n\n\n<p>-L\u00ednea telef\u00f3nica 089, an\u00f3nima y exclusiva, para lo cual ser\u00e1n capacitados los operadores en manejo de crisis y canalizaci\u00f3n.<\/p>\n\n\n\n<p>-Convenio con la Unidad de Inteligencia Financiera (UIF) para el congelamiento de cuentas bancarias, as\u00ed como con el Instituto Federal de Telecomunicaciones, para el bloque de equipos y l\u00edneas.<\/p>\n\n\n\n<p>-Operativos sorpresa en los penales estatales para la incautaci\u00f3n tel\u00e9fonos celulares y usados desde el interior de los mismos.<\/p>\n\n\n\n<p>-Campa\u00f1a de difusi\u00f3n y prevenci\u00f3n, dirigida a informar a la poblaci\u00f3n sobre c\u00f3mo identificar intentos de extorsi\u00f3n y evitar caer en enga\u00f1os, especialmente por llamadas telef\u00f3nicas o mensajes.<\/p>\n","protected":false},"excerpt":{"rendered":"<p>En Puebla se crear\u00e1 la Unidad Estatal Antiextorsi\u00f3n y se habilitar\u00e1 la l\u00ednea telef\u00f3nica 089 para hacer denuncias de forma an\u00f3nima, como parte de la \u00abEstrategia Estatal Contra la Extorsi\u00f3n\u00bb. La idea es combatir esta pr\u00e1ctica que se comete con mayor regularidad en seis municipios del estado, incluida la capital, donde se concentra el 70% [&hellip;]<\/p>\n","protected":false},"author":4,"featured_media":64821,"comment_status":"open","ping_status":"open","sticky":false,"template":"","format":"standard","meta":{"om_disable_all_campaigns":false,"_monsterinsights_skip_tracking":false,"_monsterinsights_sitenote_active":false,"_monsterinsights_sitenote_note":"","_monsterinsights_sitenote_category":0,"footnotes":""},"categories":[175],"tags":[223],"class_list":["post-64820","post","type-post","status-publish","format-standard","has-post-thumbnail","hentry","category-local","tag-puebla"],"amp_enabled":true,"_links":{"self":[{"href":"https:\/\/lahora.mx\/index.php\/wp-json\/wp\/v2\/posts\/64820","targetHints":{"allow":["GET"]}}],"collection":[{"href":"https:\/\/lahora.mx\/index.php\/wp-json\/wp\/v2\/posts"}],"about":[{"href":"https:\/\/lahora.mx\/index.php\/wp-json\/wp\/v2\/types\/post"}],"author":[{"embeddable":true,"href":"https:\/\/lahora.mx\/index.php\/wp-json\/wp\/v2\/users\/4"}],"replies":[{"embeddable":true,"href":"https:\/\/lahora.mx\/index.php\/wp-json\/wp\/v2\/comments?post=64820"}],"version-history":[{"count":1,"href":"https:\/\/lahora.mx\/index.php\/wp-json\/wp\/v2\/posts\/64820\/revisions"}],"predecessor-version":[{"id":64822,"href":"https:\/\/lahora.mx\/index.php\/wp-json\/wp\/v2\/posts\/64820\/revisions\/64822"}],"wp:featuredmedia":[{"embeddable":true,"href":"https:\/\/lahora.mx\/index.php\/wp-json\/wp\/v2\/media\/64821"}],"wp:attachment":[{"href":"https:\/\/lahora.mx\/index.php\/wp-json\/wp\/v2\/media?parent=64820"}],"wp:term":[{"taxonomy":"category","embeddable":true,"href":"https:\/\/lahora.mx\/index.php\/wp-json\/wp\/v2\/categories?post=64820"},{"taxonomy":"post_tag","embeddable":true,"href":"https:\/\/lahora.mx\/index.php\/wp-json\/wp\/v2\/tags?post=64820"}],"curies":[{"name":"wp","href":"https:\/\/api.w.org\/{rel}","templated":true}]}}