{"id":64809,"date":"2025-07-08T17:18:08","date_gmt":"2025-07-08T17:18:08","guid":{"rendered":"https:\/\/lahora.mx\/?p=64809"},"modified":"2025-07-08T17:18:09","modified_gmt":"2025-07-08T17:18:09","slug":"aseguran-vehiculos-y-armamento-en-recorridos-terrestres-y-aereos-en-sinaloa","status":"publish","type":"post","link":"https:\/\/lahora.mx\/index.php\/2025\/07\/08\/aseguran-vehiculos-y-armamento-en-recorridos-terrestres-y-aereos-en-sinaloa\/","title":{"rendered":"Aseguran veh\u00edculos y armamento en recorridos terrestres y a\u00e9reos en Sinaloa"},"content":{"rendered":"\n<p><strong>Como parte de las acciones del Gabinete de Seguridad para disminuir actos delictivos en el estado de Sinaloa,<\/strong>\u00a0elementos de la Secretar\u00eda de Marina (Semar), Secretar\u00eda de Seguridad y Protecci\u00f3n Ciudadana (SSPC) junto con Secretar\u00eda de la Defensa Nacional (Defensa), Guardia Nacional (GN) y Fiscal\u00eda General de la Rep\u00fablica (FGR), llevaron a cabo operaciones terrestres y a\u00e9reas, en las que se obtuvo como resultado el aseguramiento de veh\u00edculos, armamento, cartuchos, artefactos explosivos improvisados, equipo t\u00e1ctico, ponchallantas, entre otros.<br><br>Lo anterior, durante patrullajes de prevenci\u00f3n y vigilancia en los poblados de Ipucha y Cosal\u00e1, en los que, durante un sobrevuelo y en coordinaci\u00f3n con elementos que se encontraban patrullando v\u00eda terrestre, se localizaron 14 armas largas, un tuvo lanzagranadas, 6 mil 527 cartuchos de diferentes calibres, 31 cargadores para diferentes calibres, 35 artefactos explosivos improvisados, mismos que fueron inhabilitados en el lugar, nueve veh\u00edculos, 89 ponchallantas y equipo t\u00e1ctico diverso.<\/p>\n\n\n\n<p>Cabe destacar que todo lo asegurado fue puesto a disposici\u00f3n del agente del Ministerio Publico correspondiente, para la integraci\u00f3n de la carpeta de investigaci\u00f3n del caso.<\/p>\n\n\n\n<p>Con estas acciones, las instituciones que integran el Gabinete de Seguridad refrendan su compromiso de trabajar de manera coordinada, conjunta y estrecha con autoridades locales, para detener a los generadores de violencia que causan da\u00f1o a la sociedad.<\/p>\n","protected":false},"excerpt":{"rendered":"<p>Como parte de las acciones del Gabinete de Seguridad para disminuir actos delictivos en el estado de Sinaloa,\u00a0elementos de la Secretar\u00eda de Marina (Semar), Secretar\u00eda de Seguridad y Protecci\u00f3n Ciudadana (SSPC) junto con Secretar\u00eda de la Defensa Nacional (Defensa), Guardia Nacional (GN) y Fiscal\u00eda General de la Rep\u00fablica (FGR), llevaron a cabo operaciones terrestres y [&hellip;]<\/p>\n","protected":false},"author":4,"featured_media":64810,"comment_status":"open","ping_status":"open","sticky":false,"template":"","format":"standard","meta":{"om_disable_all_campaigns":false,"_monsterinsights_skip_tracking":false,"_monsterinsights_sitenote_active":false,"_monsterinsights_sitenote_note":"","_monsterinsights_sitenote_category":0,"footnotes":""},"categories":[176,226],"tags":[223],"class_list":["post-64809","post","type-post","status-publish","format-standard","has-post-thumbnail","hentry","category-nacional","category-policia","tag-puebla"],"amp_enabled":true,"_links":{"self":[{"href":"https:\/\/lahora.mx\/index.php\/wp-json\/wp\/v2\/posts\/64809","targetHints":{"allow":["GET"]}}],"collection":[{"href":"https:\/\/lahora.mx\/index.php\/wp-json\/wp\/v2\/posts"}],"about":[{"href":"https:\/\/lahora.mx\/index.php\/wp-json\/wp\/v2\/types\/post"}],"author":[{"embeddable":true,"href":"https:\/\/lahora.mx\/index.php\/wp-json\/wp\/v2\/users\/4"}],"replies":[{"embeddable":true,"href":"https:\/\/lahora.mx\/index.php\/wp-json\/wp\/v2\/comments?post=64809"}],"version-history":[{"count":1,"href":"https:\/\/lahora.mx\/index.php\/wp-json\/wp\/v2\/posts\/64809\/revisions"}],"predecessor-version":[{"id":64811,"href":"https:\/\/lahora.mx\/index.php\/wp-json\/wp\/v2\/posts\/64809\/revisions\/64811"}],"wp:featuredmedia":[{"embeddable":true,"href":"https:\/\/lahora.mx\/index.php\/wp-json\/wp\/v2\/media\/64810"}],"wp:attachment":[{"href":"https:\/\/lahora.mx\/index.php\/wp-json\/wp\/v2\/media?parent=64809"}],"wp:term":[{"taxonomy":"category","embeddable":true,"href":"https:\/\/lahora.mx\/index.php\/wp-json\/wp\/v2\/categories?post=64809"},{"taxonomy":"post_tag","embeddable":true,"href":"https:\/\/lahora.mx\/index.php\/wp-json\/wp\/v2\/tags?post=64809"}],"curies":[{"name":"wp","href":"https:\/\/api.w.org\/{rel}","templated":true}]}}