{"id":64802,"date":"2025-07-08T17:15:28","date_gmt":"2025-07-08T17:15:28","guid":{"rendered":"https:\/\/lahora.mx\/?p=64802"},"modified":"2025-07-08T17:15:28","modified_gmt":"2025-07-08T17:15:28","slug":"evalua-dif-puebla-capital-conversion-de-desayunadores-frios-a-calientes-en-las-escuelas","status":"publish","type":"post","link":"https:\/\/lahora.mx\/index.php\/2025\/07\/08\/evalua-dif-puebla-capital-conversion-de-desayunadores-frios-a-calientes-en-las-escuelas\/","title":{"rendered":"Eval\u00faa DIF Puebla Capital conversi\u00f3n de desayunadores fr\u00edos a calientes en las escuelas"},"content":{"rendered":"\n<p>Con el objetivo de mejorar la nutrici\u00f3n infantil en los planteles educativos, el DIF Puebla Capital trabaja en la conversi\u00f3n de los desayunadores fr\u00edos existentes en desayunadores calientes.<br><br>Para ello, el director del organismo, Alejandro Cort\u00e9s Carrasco y el secretario de Movilidad e Infraestructura del Ayuntamiento de Puebla, David Aysa, sostuvieron una reuni\u00f3n con representantes de la Secretar\u00eda de Educaci\u00f3n P\u00fablica (SEP) y del Comit\u00e9 Administrativo Poblano para la Construcci\u00f3n de Espacios Educativos (CAPCEE), a fin de establecer una ruta de trabajo conjunta.<\/p>\n\n\n\n<p>Durante el encuentro, se presentaron diversas propuestas enfocadas en la construcci\u00f3n o adecuaci\u00f3n de espacios escolares que permitan ofrecer alimentos calientes a los estudiantes. Estas ser\u00e1n evaluadas con base en el n\u00famero de ni\u00f1as y ni\u00f1os que atiende actualmente cada desayunador, priorizando aquellos con mayor demanda. Con esta iniciativa, el Gobierno de la Capital busca fortalecer la alimentaci\u00f3n escolar y contribuir al bienestar integral de la ni\u00f1ez poblana.<\/p>\n","protected":false},"excerpt":{"rendered":"<p>Con el objetivo de mejorar la nutrici\u00f3n infantil en los planteles educativos, el DIF Puebla Capital trabaja en la conversi\u00f3n de los desayunadores fr\u00edos existentes en desayunadores calientes. Para ello, el director del organismo, Alejandro Cort\u00e9s Carrasco y el secretario de Movilidad e Infraestructura del Ayuntamiento de Puebla, David Aysa, sostuvieron una reuni\u00f3n con representantes [&hellip;]<\/p>\n","protected":false},"author":4,"featured_media":64804,"comment_status":"open","ping_status":"open","sticky":false,"template":"","format":"standard","meta":{"om_disable_all_campaigns":false,"_monsterinsights_skip_tracking":false,"_monsterinsights_sitenote_active":false,"_monsterinsights_sitenote_note":"","_monsterinsights_sitenote_category":0,"footnotes":""},"categories":[175],"tags":[195,223],"class_list":["post-64802","post","type-post","status-publish","format-standard","has-post-thumbnail","hentry","category-local","tag-principal","tag-puebla"],"amp_enabled":true,"_links":{"self":[{"href":"https:\/\/lahora.mx\/index.php\/wp-json\/wp\/v2\/posts\/64802","targetHints":{"allow":["GET"]}}],"collection":[{"href":"https:\/\/lahora.mx\/index.php\/wp-json\/wp\/v2\/posts"}],"about":[{"href":"https:\/\/lahora.mx\/index.php\/wp-json\/wp\/v2\/types\/post"}],"author":[{"embeddable":true,"href":"https:\/\/lahora.mx\/index.php\/wp-json\/wp\/v2\/users\/4"}],"replies":[{"embeddable":true,"href":"https:\/\/lahora.mx\/index.php\/wp-json\/wp\/v2\/comments?post=64802"}],"version-history":[{"count":1,"href":"https:\/\/lahora.mx\/index.php\/wp-json\/wp\/v2\/posts\/64802\/revisions"}],"predecessor-version":[{"id":64805,"href":"https:\/\/lahora.mx\/index.php\/wp-json\/wp\/v2\/posts\/64802\/revisions\/64805"}],"wp:featuredmedia":[{"embeddable":true,"href":"https:\/\/lahora.mx\/index.php\/wp-json\/wp\/v2\/media\/64804"}],"wp:attachment":[{"href":"https:\/\/lahora.mx\/index.php\/wp-json\/wp\/v2\/media?parent=64802"}],"wp:term":[{"taxonomy":"category","embeddable":true,"href":"https:\/\/lahora.mx\/index.php\/wp-json\/wp\/v2\/categories?post=64802"},{"taxonomy":"post_tag","embeddable":true,"href":"https:\/\/lahora.mx\/index.php\/wp-json\/wp\/v2\/tags?post=64802"}],"curies":[{"name":"wp","href":"https:\/\/api.w.org\/{rel}","templated":true}]}}