{"id":64799,"date":"2025-07-08T17:13:16","date_gmt":"2025-07-08T17:13:16","guid":{"rendered":"https:\/\/lahora.mx\/?p=64799"},"modified":"2025-07-08T17:13:17","modified_gmt":"2025-07-08T17:13:17","slug":"gobierno-mexicano-espera-deportacion-de-julio-cesar-chavez-jr","status":"publish","type":"post","link":"https:\/\/lahora.mx\/index.php\/2025\/07\/08\/gobierno-mexicano-espera-deportacion-de-julio-cesar-chavez-jr\/","title":{"rendered":"Gobierno Mexicano espera deportaci\u00f3n de Julio C\u00e9sar Ch\u00e1vez Jr."},"content":{"rendered":"\n<p>La Fiscal\u00eda General de la Rep\u00fablica (FGR), inform\u00f3 que se encuentran a la espera de que el boxeador mexicano Julio C\u00e9sar Ch\u00e1vez Jr., sea deportado de Estados Unidos para judicializar el caso que tiene pendiente en M\u00e9xico.<br><br>Lo anterior fue confirmado por Alejandro Gertz Manero, titular de la FGR, durante la conferencia matutina desde Palacio Nacional, donde agreg\u00f3 que el pasado lunes siete de julio existi\u00f3 una confusi\u00f3n debido a que se realizar\u00edan dos audiencias en el pa\u00eds del norte en contra de Ch\u00e1vez Jr., las cuales no se llevaron a cabo.<\/p>\n\n\n\n<p>\u201cEstamos a que se lleve a cabo la audiencia que el propia Gobierno de los Estados Unidos se\u00f1al\u00f3 para que lo puedan deportar en forma inmediata\u201d.<\/p>\n\n\n\n<p>\u201cParece que ayer hubo una cierta confusi\u00f3n porque hab\u00eda dos audiencias: una por unos delitos anteriores que estaban en investigaci\u00f3n y la otras que es la de la deportaci\u00f3n, La que nos va a dar informaci\u00f3n m\u00e1s certera es la (audiencia) de la deportaci\u00f3n. result\u00f3 que el lunes ni una u otra audiencia se hizo\u201d, explic\u00f3 el funcionario mexicano.<\/p>\n\n\n\n<p>Agreg\u00f3 que personal de la Fiscal\u00eda est\u00e1 listo, \u201cel abogado de esta persona ha presentado una serie de amparos que son improcedentes y lo vamos a judicializar en el momento en que llegue\u201d.<\/p>\n\n\n\n<p>Cabe destacar que Julio C\u00e9sar Ch\u00e1vez Jr., quien cuenta con 39 a\u00f1os de edad, fue detenido la semana pasada en los Estados Unidos y ser\u00e1 deportado a M\u00e9xico. La detenci\u00f3n se dio luego de que el s\u00e1bado pasado el pugilista perdiera en una pelea en Anaheim ante el youtuber Jake Paul.<\/p>\n\n\n\n<p>El p\u00fagil nacional es acusado por parte del gobierno de los Estados Unidos de tener nexos con el C\u00e1rtel de Sinaloa, adem\u00e1s de no contar con documentos para estar de forma legal en el pa\u00eds, quien entr\u00f3 legalmente a ese pa\u00eds en agosto de 2023 con una visa hasta febrero de 2024 y dos meses despu\u00e9s solicit\u00f3 la residencia permanente, pero le fue negada.<\/p>\n","protected":false},"excerpt":{"rendered":"<p>La Fiscal\u00eda General de la Rep\u00fablica (FGR), inform\u00f3 que se encuentran a la espera de que el boxeador mexicano Julio C\u00e9sar Ch\u00e1vez Jr., sea deportado de Estados Unidos para judicializar el caso que tiene pendiente en M\u00e9xico. Lo anterior fue confirmado por Alejandro Gertz Manero, titular de la FGR, durante la conferencia matutina desde Palacio [&hellip;]<\/p>\n","protected":false},"author":4,"featured_media":64800,"comment_status":"open","ping_status":"open","sticky":false,"template":"","format":"standard","meta":{"om_disable_all_campaigns":false,"_monsterinsights_skip_tracking":false,"_monsterinsights_sitenote_active":false,"_monsterinsights_sitenote_note":"","_monsterinsights_sitenote_category":0,"footnotes":""},"categories":[175,176],"tags":[223],"class_list":["post-64799","post","type-post","status-publish","format-standard","has-post-thumbnail","hentry","category-local","category-nacional","tag-puebla"],"amp_enabled":true,"_links":{"self":[{"href":"https:\/\/lahora.mx\/index.php\/wp-json\/wp\/v2\/posts\/64799","targetHints":{"allow":["GET"]}}],"collection":[{"href":"https:\/\/lahora.mx\/index.php\/wp-json\/wp\/v2\/posts"}],"about":[{"href":"https:\/\/lahora.mx\/index.php\/wp-json\/wp\/v2\/types\/post"}],"author":[{"embeddable":true,"href":"https:\/\/lahora.mx\/index.php\/wp-json\/wp\/v2\/users\/4"}],"replies":[{"embeddable":true,"href":"https:\/\/lahora.mx\/index.php\/wp-json\/wp\/v2\/comments?post=64799"}],"version-history":[{"count":1,"href":"https:\/\/lahora.mx\/index.php\/wp-json\/wp\/v2\/posts\/64799\/revisions"}],"predecessor-version":[{"id":64801,"href":"https:\/\/lahora.mx\/index.php\/wp-json\/wp\/v2\/posts\/64799\/revisions\/64801"}],"wp:featuredmedia":[{"embeddable":true,"href":"https:\/\/lahora.mx\/index.php\/wp-json\/wp\/v2\/media\/64800"}],"wp:attachment":[{"href":"https:\/\/lahora.mx\/index.php\/wp-json\/wp\/v2\/media?parent=64799"}],"wp:term":[{"taxonomy":"category","embeddable":true,"href":"https:\/\/lahora.mx\/index.php\/wp-json\/wp\/v2\/categories?post=64799"},{"taxonomy":"post_tag","embeddable":true,"href":"https:\/\/lahora.mx\/index.php\/wp-json\/wp\/v2\/tags?post=64799"}],"curies":[{"name":"wp","href":"https:\/\/api.w.org\/{rel}","templated":true}]}}