{"id":64796,"date":"2025-07-08T17:11:32","date_gmt":"2025-07-08T17:11:32","guid":{"rendered":"https:\/\/lahora.mx\/?p=64796"},"modified":"2025-07-08T17:11:33","modified_gmt":"2025-07-08T17:11:33","slug":"dan-2-anos-de-carcel-a-osvaldo-n-por-andar-armado-en-izucar","status":"publish","type":"post","link":"https:\/\/lahora.mx\/index.php\/2025\/07\/08\/dan-2-anos-de-carcel-a-osvaldo-n-por-andar-armado-en-izucar\/","title":{"rendered":"Dan 2 a\u00f1os de c\u00e1rcel a Osvaldo N. por andar armado en Iz\u00facar"},"content":{"rendered":"\n<p>Un masculino que fue detenido en la junta auxiliar de Matzaco perteneciente al municipio de Iz\u00facar de Matamoros, por portaci\u00f3n ilegal de arma de fuego, ya fue condenado.<\/p>\n\n\n\n<p>La Fiscal\u00eda General de la Rep\u00fablica, a trav\u00e9s de su representaci\u00f3n en Puebla, obtuvo una sentencia condenatoria contra Osvaldo N por el delito de portaci\u00f3n de arma de fuego de uso exclusivo de las Fuerzas Armadas, la detenci\u00f3n se registr\u00f3 en la Junta Auxiliar de Matzaco, cuando elementos de la Polic\u00eda Municipal le marcaron el alto al ahora sentenciado por circular en una motocicleta sin casco, al momento de la revisi\u00f3n los uniformados se percataron que el individuo portaba fajada en la cintura una pistola abastecida con 15 cartuchos \u00fatiles.<\/p>\n\n\n\n<p>Tras lo anterior, Osvaldo N fue puesto a disposici\u00f3n del Ministerio P\u00fablico Federal, para ser procesado, con ello el juez imtgerpuso una pena de dos a\u00f1os y seis meses de prisi\u00f3n, as\u00ed como una multa de 42 Unidades de Medida y Actualizaci\u00f3n UMA equivalentes a 4 mil 559 pesos.<\/p>\n","protected":false},"excerpt":{"rendered":"<p>Un masculino que fue detenido en la junta auxiliar de Matzaco perteneciente al municipio de Iz\u00facar de Matamoros, por portaci\u00f3n ilegal de arma de fuego, ya fue condenado. La Fiscal\u00eda General de la Rep\u00fablica, a trav\u00e9s de su representaci\u00f3n en Puebla, obtuvo una sentencia condenatoria contra Osvaldo N por el delito de portaci\u00f3n de arma [&hellip;]<\/p>\n","protected":false},"author":4,"featured_media":64797,"comment_status":"open","ping_status":"open","sticky":false,"template":"","format":"standard","meta":{"om_disable_all_campaigns":false,"_monsterinsights_skip_tracking":false,"_monsterinsights_sitenote_active":false,"_monsterinsights_sitenote_note":"","_monsterinsights_sitenote_category":0,"footnotes":""},"categories":[175,226],"tags":[223],"class_list":["post-64796","post","type-post","status-publish","format-standard","has-post-thumbnail","hentry","category-local","category-policia","tag-puebla"],"amp_enabled":true,"_links":{"self":[{"href":"https:\/\/lahora.mx\/index.php\/wp-json\/wp\/v2\/posts\/64796","targetHints":{"allow":["GET"]}}],"collection":[{"href":"https:\/\/lahora.mx\/index.php\/wp-json\/wp\/v2\/posts"}],"about":[{"href":"https:\/\/lahora.mx\/index.php\/wp-json\/wp\/v2\/types\/post"}],"author":[{"embeddable":true,"href":"https:\/\/lahora.mx\/index.php\/wp-json\/wp\/v2\/users\/4"}],"replies":[{"embeddable":true,"href":"https:\/\/lahora.mx\/index.php\/wp-json\/wp\/v2\/comments?post=64796"}],"version-history":[{"count":1,"href":"https:\/\/lahora.mx\/index.php\/wp-json\/wp\/v2\/posts\/64796\/revisions"}],"predecessor-version":[{"id":64798,"href":"https:\/\/lahora.mx\/index.php\/wp-json\/wp\/v2\/posts\/64796\/revisions\/64798"}],"wp:featuredmedia":[{"embeddable":true,"href":"https:\/\/lahora.mx\/index.php\/wp-json\/wp\/v2\/media\/64797"}],"wp:attachment":[{"href":"https:\/\/lahora.mx\/index.php\/wp-json\/wp\/v2\/media?parent=64796"}],"wp:term":[{"taxonomy":"category","embeddable":true,"href":"https:\/\/lahora.mx\/index.php\/wp-json\/wp\/v2\/categories?post=64796"},{"taxonomy":"post_tag","embeddable":true,"href":"https:\/\/lahora.mx\/index.php\/wp-json\/wp\/v2\/tags?post=64796"}],"curies":[{"name":"wp","href":"https:\/\/api.w.org\/{rel}","templated":true}]}}