{"id":64789,"date":"2025-07-08T17:08:22","date_gmt":"2025-07-08T17:08:22","guid":{"rendered":"https:\/\/lahora.mx\/?p=64789"},"modified":"2025-07-08T17:08:23","modified_gmt":"2025-07-08T17:08:23","slug":"inauguran-oficina-de-atencion-agraria-en-atlixco","status":"publish","type":"post","link":"https:\/\/lahora.mx\/index.php\/2025\/07\/08\/inauguran-oficina-de-atencion-agraria-en-atlixco\/","title":{"rendered":"Inauguran oficina de Atenci\u00f3n Agraria en Atlixco"},"content":{"rendered":"\n<p><strong>La ma\u00f1ana de este martes qued\u00f3 inaugurado en esta ciudad el llamado Centro de Atenci\u00f3n Agraria (CAA), el primero instalado en el estado de Puebla.<\/strong><br><br>Al acto protocolario asisti\u00f3 V\u00edctor Su\u00e1rez Cort\u00e9s, el responsable de la Procuradur\u00eda Agraria (PA) en el gobierno federal quien estuvo acompa\u00f1ado del V\u00edctor Gabriel Chedraui, secretario de econom\u00eda y del trabajo y la alcaldesa Ariadna Ayala.<\/p>\n\n\n\n<p>El funcionario federal adelant\u00f3 el plan es pasar de cinco a 33 oficinas con esas caracter\u00edsticas en este 2024 ya m\u00e1s de 50 el pr\u00f3ximo a\u00f1o.<\/p>\n\n\n\n<p>Su\u00e1rez dej\u00f3 en claro los primeros pasos tras la llegada de la oficina mencionada es contribuir a la unidad de los n\u00facleos ejidales de la regi\u00f3n de Atlixco.<\/p>\n\n\n\n<p>Y despu\u00e9s, apunt\u00f3 el visitante federal, dejar atr\u00e1s los tiempos de olvido, corrupci\u00f3n y privatizaci\u00f3n del sector agrario heredado por los gobiernos neoliberales.<\/p>\n","protected":false},"excerpt":{"rendered":"<p>La ma\u00f1ana de este martes qued\u00f3 inaugurado en esta ciudad el llamado Centro de Atenci\u00f3n Agraria (CAA), el primero instalado en el estado de Puebla. Al acto protocolario asisti\u00f3 V\u00edctor Su\u00e1rez Cort\u00e9s, el responsable de la Procuradur\u00eda Agraria (PA) en el gobierno federal quien estuvo acompa\u00f1ado del V\u00edctor Gabriel Chedraui, secretario de econom\u00eda y del [&hellip;]<\/p>\n","protected":false},"author":4,"featured_media":64790,"comment_status":"open","ping_status":"open","sticky":false,"template":"","format":"standard","meta":{"om_disable_all_campaigns":false,"_monsterinsights_skip_tracking":false,"_monsterinsights_sitenote_active":false,"_monsterinsights_sitenote_note":"","_monsterinsights_sitenote_category":0,"footnotes":""},"categories":[175],"tags":[223],"class_list":["post-64789","post","type-post","status-publish","format-standard","has-post-thumbnail","hentry","category-local","tag-puebla"],"amp_enabled":true,"_links":{"self":[{"href":"https:\/\/lahora.mx\/index.php\/wp-json\/wp\/v2\/posts\/64789","targetHints":{"allow":["GET"]}}],"collection":[{"href":"https:\/\/lahora.mx\/index.php\/wp-json\/wp\/v2\/posts"}],"about":[{"href":"https:\/\/lahora.mx\/index.php\/wp-json\/wp\/v2\/types\/post"}],"author":[{"embeddable":true,"href":"https:\/\/lahora.mx\/index.php\/wp-json\/wp\/v2\/users\/4"}],"replies":[{"embeddable":true,"href":"https:\/\/lahora.mx\/index.php\/wp-json\/wp\/v2\/comments?post=64789"}],"version-history":[{"count":1,"href":"https:\/\/lahora.mx\/index.php\/wp-json\/wp\/v2\/posts\/64789\/revisions"}],"predecessor-version":[{"id":64791,"href":"https:\/\/lahora.mx\/index.php\/wp-json\/wp\/v2\/posts\/64789\/revisions\/64791"}],"wp:featuredmedia":[{"embeddable":true,"href":"https:\/\/lahora.mx\/index.php\/wp-json\/wp\/v2\/media\/64790"}],"wp:attachment":[{"href":"https:\/\/lahora.mx\/index.php\/wp-json\/wp\/v2\/media?parent=64789"}],"wp:term":[{"taxonomy":"category","embeddable":true,"href":"https:\/\/lahora.mx\/index.php\/wp-json\/wp\/v2\/categories?post=64789"},{"taxonomy":"post_tag","embeddable":true,"href":"https:\/\/lahora.mx\/index.php\/wp-json\/wp\/v2\/tags?post=64789"}],"curies":[{"name":"wp","href":"https:\/\/api.w.org\/{rel}","templated":true}]}}