{"id":64785,"date":"2025-06-30T16:30:40","date_gmt":"2025-06-30T16:30:40","guid":{"rendered":"https:\/\/lahora.mx\/?p=64785"},"modified":"2025-07-08T16:31:26","modified_gmt":"2025-07-08T16:31:26","slug":"congreso-abierto-a-escuchar-para-fortalecer-marco-legal-en-favor-de-la-educacion-laura-artemisa","status":"publish","type":"post","link":"https:\/\/lahora.mx\/index.php\/2025\/06\/30\/congreso-abierto-a-escuchar-para-fortalecer-marco-legal-en-favor-de-la-educacion-laura-artemisa\/","title":{"rendered":"\u201cCongreso abierto a escuchar para fortalecer marco legal en favor de la educaci\u00f3n\u201d: Laura Artemisa\u00a0"},"content":{"rendered":"\n<p>Al participar en el Congreso Estatal de Evaluaci\u00f3n Formativa 2025, la diputada presidenta de la Comisi\u00f3n de Educaci\u00f3n del Congreso del Estado, Laura Artemisa Garc\u00eda Ch\u00e1vez subray\u00f3 el compromiso de la LXII Legislatura para escuchar y fortalecer la construcci\u00f3n del marco legal y jur\u00eddico que responda a la realidad que vive el sector educativo en la entidad.&nbsp;<\/p>\n\n\n\n<p>Tras considerar que la educaci\u00f3n es el \u00fanico camino para transformar al pa\u00eds, la legisladora mencion\u00f3 que el principal objetivo de trabajo es garantizar el derecho a la educaci\u00f3n de ni\u00f1as, ni\u00f1os y adolescentes, establecido en el art\u00edculo tercero Constitucional.&nbsp;<\/p>\n\n\n\n<p>La diputada consider\u00f3 que si algo han tenido que hacer las y los docentes es desaprender y volver a aprender en los nuevos est\u00e1ndares de evaluaci\u00f3n; \u201cde ah\u00ed la importancia de este evento para poder generar y compartir pr\u00e1cticas exitosas, que no solo se centren en la evaluaci\u00f3n y el desarrollo de los estudiantes, sino en la motivaci\u00f3n para que se mantengan y contin\u00faen en las instituciones educativas\u201d.<\/p>\n\n\n\n<p>Ese es el compromiso que se tiene con la ni\u00f1ez y las juventudes, \u201cdarles el sentido de pertenencia y que el estudio haga la diferencia en sus vidas, permitiendo enlazar la educaci\u00f3n con los polos de desarrollo de las diferentes regiones de la entidad\u201d, afirm\u00f3.<\/p>\n\n\n\n<p>Al hacer uso de la palabra, el subsecretario de Educaci\u00f3n Obligatoria, Antonio Medina Ram\u00edrez se\u00f1al\u00f3 que el Congreso Estatal de Evaluaci\u00f3n Formativa es un espacio para reflexionar, compartir experiencias y renovar el compromiso para trabajar en una educaci\u00f3n de calidad, centrada en el proceso de evaluaci\u00f3n, como una herramienta de mejora continua que busca formar ciudadanos cr\u00edticos, solidarios creativos y responsables.<\/p>\n\n\n\n<p>\u201cLa Nueva Escuela Mexicana nos invita a repensar las pr\u00e1cticas docentes y a fortalecer la participaci\u00f3n de las comunidades en la gesti\u00f3n escolar, reconociendo el papel fundamental de maestros y maestras como principales agentes de cambio\u201d, se\u00f1al\u00f3.<\/p>\n\n\n\n<p>En este evento tambi\u00e9n se cont\u00f3 con la participaci\u00f3n de Cutberto Cantor\u00e1n Espinosa, director de Formaci\u00f3n Docente, quien en representaci\u00f3n del Gobernador del Estado se\u00f1al\u00f3 que evaluar no s\u00f3lo tiene que ver con calificar, sino con encontrar a la otra persona, desde su comportamiento hasta sus acciones en un ambiente humanista.<\/p>\n","protected":false},"excerpt":{"rendered":"<p>Al participar en el Congreso Estatal de Evaluaci\u00f3n Formativa 2025, la diputada presidenta de la Comisi\u00f3n de Educaci\u00f3n del Congreso del Estado, Laura Artemisa Garc\u00eda Ch\u00e1vez subray\u00f3 el compromiso de la LXII Legislatura para escuchar y fortalecer la construcci\u00f3n del marco legal y jur\u00eddico que responda a la realidad que vive el sector educativo en [&hellip;]<\/p>\n","protected":false},"author":4,"featured_media":64786,"comment_status":"open","ping_status":"open","sticky":false,"template":"","format":"standard","meta":{"om_disable_all_campaigns":false,"_monsterinsights_skip_tracking":false,"_monsterinsights_sitenote_active":false,"_monsterinsights_sitenote_note":"","_monsterinsights_sitenote_category":0,"footnotes":""},"categories":[175],"tags":[227,223],"class_list":["post-64785","post","type-post","status-publish","format-standard","has-post-thumbnail","hentry","category-local","tag-congreso","tag-puebla"],"amp_enabled":true,"_links":{"self":[{"href":"https:\/\/lahora.mx\/index.php\/wp-json\/wp\/v2\/posts\/64785","targetHints":{"allow":["GET"]}}],"collection":[{"href":"https:\/\/lahora.mx\/index.php\/wp-json\/wp\/v2\/posts"}],"about":[{"href":"https:\/\/lahora.mx\/index.php\/wp-json\/wp\/v2\/types\/post"}],"author":[{"embeddable":true,"href":"https:\/\/lahora.mx\/index.php\/wp-json\/wp\/v2\/users\/4"}],"replies":[{"embeddable":true,"href":"https:\/\/lahora.mx\/index.php\/wp-json\/wp\/v2\/comments?post=64785"}],"version-history":[{"count":1,"href":"https:\/\/lahora.mx\/index.php\/wp-json\/wp\/v2\/posts\/64785\/revisions"}],"predecessor-version":[{"id":64787,"href":"https:\/\/lahora.mx\/index.php\/wp-json\/wp\/v2\/posts\/64785\/revisions\/64787"}],"wp:featuredmedia":[{"embeddable":true,"href":"https:\/\/lahora.mx\/index.php\/wp-json\/wp\/v2\/media\/64786"}],"wp:attachment":[{"href":"https:\/\/lahora.mx\/index.php\/wp-json\/wp\/v2\/media?parent=64785"}],"wp:term":[{"taxonomy":"category","embeddable":true,"href":"https:\/\/lahora.mx\/index.php\/wp-json\/wp\/v2\/categories?post=64785"},{"taxonomy":"post_tag","embeddable":true,"href":"https:\/\/lahora.mx\/index.php\/wp-json\/wp\/v2\/tags?post=64785"}],"curies":[{"name":"wp","href":"https:\/\/api.w.org\/{rel}","templated":true}]}}