{"id":64778,"date":"2025-06-26T16:26:02","date_gmt":"2025-06-26T16:26:02","guid":{"rendered":"https:\/\/lahora.mx\/?p=64778"},"modified":"2025-07-08T16:27:36","modified_gmt":"2025-07-08T16:27:36","slug":"impulsan-en-congreso-exhorto-para-garantizar-asientos-a-personas-con-discapacidad-en-transporte-publico","status":"publish","type":"post","link":"https:\/\/lahora.mx\/index.php\/2025\/06\/26\/impulsan-en-congreso-exhorto-para-garantizar-asientos-a-personas-con-discapacidad-en-transporte-publico\/","title":{"rendered":"Impulsan en Congreso exhorto para garantizar asientos a personas con discapacidad en transporte p\u00fablico\u00a0"},"content":{"rendered":"\n<p>En sesi\u00f3n ordinaria de la LXII Legislatura, la diputada Luana Armida Amador Vallejo present\u00f3 un punto de acuerdo por el que exhorta a la Secretar\u00eda de Movilidad y Transporte para que implemente las acciones necesarias para garantizar que los prestadores del servicio p\u00fablico de transporte cumplan con lo dispuesto en la Ley, y se verifique que los asientos reservados para personas con discapacidad se encuentren debidamente se\u00f1alizados y en condiciones \u00f3ptimas de uso y accesibilidad.<\/p>\n\n\n\n<p>En su intervenci\u00f3n, la diputada tambi\u00e9n destac\u00f3 la necesidad de realizar campa\u00f1as de concientizaci\u00f3n para que la ciudadan\u00eda respete los lugares designados y se\u00f1alizados para personas con discapacidad.&nbsp;<\/p>\n\n\n\n<p>\u201cTodos en alg\u00fan momento de nuestra vida estamos expuestos a la posibilidad de enfrentar una discapacidad, ya sea temporal o permanente, por ello, respetar los espacios destinados a las personas con discapacidad no s\u00f3lo es un acto de solidaridad, sino una forma de reconocer que todos compartimos un mismo derecho a la dignidad, la movilidad y la inclusi\u00f3n\u201d, indic\u00f3.&nbsp;<\/p>\n\n\n\n<p>El punto de acuerdo fue enviado a la Comisi\u00f3n de Movilidad y Transportes para su estudio y resoluci\u00f3n procedente.&nbsp;<\/p>\n\n\n\n<p>Por otra parte, la diputada Norma Estela Pimentel M\u00e9ndez present\u00f3 un punto de acuerdo por el que exhorta a los Ayuntamientos y Concejos Municipales a dar cumplimiento a las recomendaciones contenidas en los informes individuales correspondientes al ejercicio fiscal 2023 emitidos por la Auditor\u00eda Superior del Estado.<\/p>\n\n\n\n<p>El punto de acuerdo fue enviado a la Comisi\u00f3n de Control, Vigilancia y Evaluaci\u00f3n de la Auditor\u00eda Superior del Estado, para su estudio y resoluci\u00f3n procedente.&nbsp;<\/p>\n\n\n\n<p>Durante la sesi\u00f3n se dio cuenta de los siguientes asuntos:&nbsp;<\/p>\n\n\n\n<p>-Iniciativa de la diputada Laura Artemisa Garc\u00eda Ch\u00e1vez mediante la cual se reforman y adicionan diversas disposiciones de la Ley de Transporte del Estado, para alinear las acciones que permitan implementar de manera integral las reformas sobre el uso de la motocicleta. As\u00ed como lo relativo a la expedici\u00f3n de las licencias de conducir, portaci\u00f3n obligatoria al momento de conducir, as\u00ed como el distintivo adherido al casco del conductor.&nbsp;<\/p>\n\n\n\n<p>La propuesta reformar y adicionar diversas disposiciones de la Ley de Transporte del Estado fue enviada a la Comisi\u00f3n de Transportes y Movilidad para su estudio y resoluci\u00f3n procedente.&nbsp;<\/p>\n\n\n\n<p>-Iniciativa de la diputada Laura Artemisa Garc\u00eda Ch\u00e1vez para reformar la Ley de Hacienda para el Estado de Puebla, a fin de establecer los mecanismos respecto a la inscripci\u00f3n de motocicletas al Registro Estatal Vehicular, las excepciones en las que se expedir\u00e1 un permiso provisional, as\u00ed como los tr\u00e1mites ante la adquisici\u00f3n de una motocicleta.&nbsp;<\/p>\n\n\n\n<p>La iniciativa mediante la cual se reforman y adicionan diversas disposiciones de la Ley de Hacienda para el Estado Libre y Soberano de Puebla, fue enviada a la Comisi\u00f3n de Hacienda y Patrimonio Municipal para su an\u00e1lisis.&nbsp;<\/p>\n\n\n\n<p>-Iniciativa del diputado Jos\u00e9 Miguel Trujillo de Ita para reformar la Ley Org\u00e1nica de la Administraci\u00f3n P\u00fablica, con la finalidad de establecer que las personas titulares de las dependencias deber\u00e1n garantizar que las personas servidoras p\u00fablicas a su cargo se conduzcan con respeto, cortes\u00eda y profesionalismo hacia la ciudadan\u00eda, absteni\u00e9ndose de incurrir en maltrato verbal, gestual o psicol\u00f3gico en el ejercicio de sus funciones. Para ello, deber\u00e1n fomentar una cultura institucional basada en el trato digno hacia las personas.<\/p>\n\n\n\n<p>La propuesta mediante la cual se reforma el art\u00edculo 14 de la Ley Org\u00e1nica de la Administraci\u00f3n P\u00fablica del Estado de Puebla, fue enviada a la Comisi\u00f3n de Gobernaci\u00f3n y Puntos Constitucionales para su an\u00e1lisis.&nbsp;<\/p>\n\n\n\n<p>-Iniciativa de la diputada Xel Arianna Hern\u00e1ndez Garc\u00eda para reformar y adicionar diversas disposiciones de la Ley Org\u00e1nica del Poder Legislativo y del Reglamento Interior del Congreso, que tiene como finalidad fortalecer la eficacia del trabajo parlamentario en el Estado de Puebla, estableciendo mecanismos formales de seguimiento, respuesta y control respecto a los puntos de acuerdo emitidos por el Poder Legislativo.&nbsp;<\/p>\n\n\n\n<p>La propuesta legislativa fue enviada a la Comisi\u00f3n de Gobernaci\u00f3n y Puntos Constitucionales para su estudio y resoluci\u00f3n procedente.&nbsp;<\/p>\n\n\n\n<p>-Tres iniciativas de la diputada Azucena Rosas Tapia para modificar diversas disposiciones de la Constituci\u00f3n Pol\u00edtica del Estado de Puebla, a fin de actualizar su redacci\u00f3n para garantizar que todas las personas sean reconocidas en igualdad de condiciones, utilizando un lenguaje neutro e inclusivo, as\u00ed como armonizar la definici\u00f3n de personas servidoras p\u00fablicas con la Constituci\u00f3n Federal, e incluir de forma expresa la obligaci\u00f3n de presentar sus declaraciones patrimoniales y de intereses.<\/p>\n\n\n\n<p>Las iniciativas fueron enviadas a la Comisi\u00f3n de Gobernaci\u00f3n y Puntos Constitucionales para su estudio y resoluci\u00f3n procedente.&nbsp;<\/p>\n\n\n\n<p>-Iniciativa de la diputada Azucena Rosas Tapia present\u00f3 una iniciativa para reformar los art\u00edculos 61 y 64 de la Ley de Planeaci\u00f3n para el Desarrollo del Estado de Puebla, con la finalidad de establecer que para el desarrollo de la etapa de Instrumentaci\u00f3n se deber\u00e1 hacer uso del modelo metodol\u00f3gico del PbR, cuyo objetivo es que los recursos p\u00fablicos se asignen prioritariamente a las acciones que generen m\u00e1s beneficios a la poblaci\u00f3n, adem\u00e1s de observar y dar cumplimiento a los principios de eficiencia, eficacia, econom\u00eda, transparencia, honradez y protecci\u00f3n a los derechos humanos con perspectiva de g\u00e9nero.<\/p>\n\n\n\n<p>-Iniciativa de la diputada Azucena Rosas Tapia para reformar el art\u00edculo 98 de la Ley de Adquisiciones, Arrendamientos y Servicios del Sector P\u00fablico Estatal y Municipal, en el caso de que se declaren desiertas una de las partidas, cuando el concurso sea por invitaci\u00f3n, la Secretar\u00eda o el Comit\u00e9 Municipal seg\u00fan corresponda, podr\u00e1 realizar un Procedimiento de Adjudicaci\u00f3n mediante invitaci\u00f3n a cuando menos tres personas.<\/p>\n\n\n\n<p>-Dos iniciativas de la diputada Azucena Rosas Tapia, para reformar el art\u00edculo 85 de la Ley de Derechos, Cultura y Desarrollo de los Pueblos y Comunidades Ind\u00edgenas, con el objetivo de actualizar el nombre de la Secretar\u00eda de Planeaci\u00f3n, Finanzas y Administraci\u00f3n y para reformar los art\u00edculos 4 y 7 Ter de la Ley para la Igualdad entre Mujeres y Hombres, con la finalidad de actualizar el nombre de la Secretar\u00eda de las Mujeres en el ordenamiento.&nbsp;<\/p>\n\n\n\n<p>Las iniciativas de la diputada Azucena Rosas fueron enviadas a la Comisi\u00f3n de Gobernaci\u00f3n y Puntos Constitucionales; a la Comisi\u00f3n de Hacienda y Patrimonio Municipal; a la Comisi\u00f3n de Pueblos, Comunidades Ind\u00edgenas y Afromexicanas; y a la Comisi\u00f3n de Igualdad de G\u00e9nero, respectivamente.&nbsp;<\/p>\n\n\n\n<p>-Punto de acuerdo de la diputada Leonela Jazm\u00edn Mart\u00ednez Ayala present\u00f3 un punto de acuerdo por el que exhorta a los Ayuntamientos y Consejos Municipales a que participen en las capacitaciones que imparte el Instituto Nacional de Estad\u00edstica y Geograf\u00eda (INEGI) para el Censo Nacional de Gobiernos Municipales y Demarcaciones Territoriales de la Ciudad de M\u00e9xico 2025, al ser un componente esencial para garantizar datos confiables que inciden en la formulaci\u00f3n de pol\u00edticas p\u00fablicas y la distribuci\u00f3n de recursos.<\/p>\n\n\n\n<p>El punto de acuerdo fue enviado a la Comisi\u00f3n de Asuntos Municipales para su estudio y resoluci\u00f3n procedente.<\/p>\n","protected":false},"excerpt":{"rendered":"<p>En sesi\u00f3n ordinaria de la LXII Legislatura, la diputada Luana Armida Amador Vallejo present\u00f3 un punto de acuerdo por el que exhorta a la Secretar\u00eda de Movilidad y Transporte para que implemente las acciones necesarias para garantizar que los prestadores del servicio p\u00fablico de transporte cumplan con lo dispuesto en la Ley, y se verifique [&hellip;]<\/p>\n","protected":false},"author":4,"featured_media":64779,"comment_status":"open","ping_status":"open","sticky":false,"template":"","format":"standard","meta":{"om_disable_all_campaigns":false,"_monsterinsights_skip_tracking":false,"_monsterinsights_sitenote_active":false,"_monsterinsights_sitenote_note":"","_monsterinsights_sitenote_category":0,"footnotes":""},"categories":[175],"tags":[227,223],"class_list":["post-64778","post","type-post","status-publish","format-standard","has-post-thumbnail","hentry","category-local","tag-congreso","tag-puebla"],"amp_enabled":true,"_links":{"self":[{"href":"https:\/\/lahora.mx\/index.php\/wp-json\/wp\/v2\/posts\/64778","targetHints":{"allow":["GET"]}}],"collection":[{"href":"https:\/\/lahora.mx\/index.php\/wp-json\/wp\/v2\/posts"}],"about":[{"href":"https:\/\/lahora.mx\/index.php\/wp-json\/wp\/v2\/types\/post"}],"author":[{"embeddable":true,"href":"https:\/\/lahora.mx\/index.php\/wp-json\/wp\/v2\/users\/4"}],"replies":[{"embeddable":true,"href":"https:\/\/lahora.mx\/index.php\/wp-json\/wp\/v2\/comments?post=64778"}],"version-history":[{"count":1,"href":"https:\/\/lahora.mx\/index.php\/wp-json\/wp\/v2\/posts\/64778\/revisions"}],"predecessor-version":[{"id":64780,"href":"https:\/\/lahora.mx\/index.php\/wp-json\/wp\/v2\/posts\/64778\/revisions\/64780"}],"wp:featuredmedia":[{"embeddable":true,"href":"https:\/\/lahora.mx\/index.php\/wp-json\/wp\/v2\/media\/64779"}],"wp:attachment":[{"href":"https:\/\/lahora.mx\/index.php\/wp-json\/wp\/v2\/media?parent=64778"}],"wp:term":[{"taxonomy":"category","embeddable":true,"href":"https:\/\/lahora.mx\/index.php\/wp-json\/wp\/v2\/categories?post=64778"},{"taxonomy":"post_tag","embeddable":true,"href":"https:\/\/lahora.mx\/index.php\/wp-json\/wp\/v2\/tags?post=64778"}],"curies":[{"name":"wp","href":"https:\/\/api.w.org\/{rel}","templated":true}]}}