{"id":64774,"date":"2025-06-25T16:24:14","date_gmt":"2025-06-25T16:24:14","guid":{"rendered":"https:\/\/lahora.mx\/?p=64774"},"modified":"2025-07-08T16:25:35","modified_gmt":"2025-07-08T16:25:35","slug":"inaugura-congreso-del-estado-exposicion-sobre-las-constituciones-del-estado-y-el-federalismo","status":"publish","type":"post","link":"https:\/\/lahora.mx\/index.php\/2025\/06\/25\/inaugura-congreso-del-estado-exposicion-sobre-las-constituciones-del-estado-y-el-federalismo\/","title":{"rendered":"Inaugura Congreso del Estado exposici\u00f3n sobre las Constituciones del Estado y el Federalismo"},"content":{"rendered":"\n<p>Con la finalidad de fortalecer la memoria hist\u00f3rica y la identidad c\u00edvica en la ciudadan\u00eda, en el Congreso del Estado se llev\u00f3 a cabo la inauguraci\u00f3n de la exposici\u00f3n: \u201cLas Constituciones del Estado Libre y Soberano de Puebla y el Federalismo\u201d.<\/p>\n\n\n\n<p>Durante este evento que se realiz\u00f3 en el marco del Bicentenario de la Constituci\u00f3n Pol\u00edtica del Estado Libre y Soberano de Puebla, la diputada presidenta de la Junta de Gobierno y Coordinaci\u00f3n Pol\u00edtica, Laura Artemisa Garc\u00eda Ch\u00e1vez afirm\u00f3 que con esta exposici\u00f3n se cumple con la tarea de regresa al pueblo los documentos que hoy rigen la vida pol\u00edtica y social del Estado para que sean estudiados con la finalidad de que la Constituci\u00f3n local siga viva, a 200 a\u00f1os de su existencia.<\/p>\n\n\n\n<p>\u201cEsto permite que nuestra Constituci\u00f3n est\u00e9 a la vanguardia y cuente con un marco regulador que nos ayude a convivir de manera adecuada\u201d, consider\u00f3 la diputada quien se\u00f1al\u00f3 que se est\u00e1n realizando foros de an\u00e1lisis con diferentes sectores de la sociedad con la finalidad de hacer las reformas necesarias.<\/p>\n\n\n\n<p>En este sentido, la diputada Ana Laura G\u00f3mez Ram\u00edrez mencion\u00f3 que la exposici\u00f3n debe ser un espacio para valorar lo que se ha alcanzado, y para renovar el compromiso con los principios constitucionales, el estado de derecho y la construcci\u00f3n de un M\u00e9xico plural y democr\u00e1tico.<\/p>\n\n\n\n<p>Al hacer uso de la palabra, la magistrada presidenta del Tribunal Superior de Justicia del Estado, Mar\u00eda Belinda Aguilar D\u00edaz mencion\u00f3 que al conmemorar los 200 a\u00f1os de la primera Constituci\u00f3n pol\u00edtica del Estado Libre y Soberano de Puebla se rinde homenaje a nuestra historia constitucional y a los principios que han dado forma al federalismo en nuestro pa\u00eds.<\/p>\n\n\n\n<p>\u201cEsta exposici\u00f3n nos invita a reflexionar sobre la evaluaci\u00f3n del pensamiento jur\u00eddico y pol\u00edtico que ha guiado a Puebla a lo largo de dos siglos. Nos recuerda que la Constituci\u00f3n no solo es un documento legal, es el reflejo de los ideales de libertad, justicia y autodeterminaci\u00f3n de un pueblo\u201d.<\/p>\n\n\n\n<p>El historiador en Derecho, Rub\u00e9n Alberto Curiel Tejeda se\u00f1al\u00f3 que las tres Constituciones de Puebla, que estuvieron inmersas en acontecimientos hist\u00f3ricos importantes, han dado como resultado que hoy Puebla cuente con derechos de avanzada que son sumamente importantes, lo que hace que la Constituci\u00f3n no solo se lea, sino se viva.<\/p>\n\n\n\n<p>REMEMORA CONGRESO DEL ESTADO A CONSTITUCIONALISTAS POBLANOS<\/p>\n\n\n\n<p>Con el objetivo de reconocer y valorar las contribuciones de los constitucionalistas poblanos, en el marco de las actividades del Bicentenario de la Constituci\u00f3n Pol\u00edtica del Estado Libre y Soberano de Puebla, el Congreso del Estado, a trav\u00e9s del Voluntariado, llev\u00f3 a cabo la Conferencia Magistral \u201cDestellos de Constitucionalistas Estelares de Puebla\u201d.<\/p>\n\n\n\n<p>\u201cEstas conferencias representan un homenaje al legado de quienes han contribuido al derecho y al servicio p\u00fablico, a fortalecer nuestras instituciones, impulsar las libertades y consolidar los pilares de nuestra democracia\u201d, afirm\u00f3 la titular del Voluntariado del Congreso del Estado, Minerva Garc\u00eda Ch\u00e1vez.<\/p>\n\n\n\n<p>Durante su conferencia, el acad\u00e9mico y especialista en el estudio del derecho constitucional mexicano, Francisco Antonio Tenorio Adame destac\u00f3 la figura de Juan Nepomuceno Rosains, originario de San Juan de los Llanos, hoy municipio de Libres, quien combati\u00f3 durante la guerra de independencia de M\u00e9xico junto a Jos\u00e9 Mar\u00eda Morelos, y como su secretario particular fue el encargado de leer los Sentimientos de la Naci\u00f3n.<\/p>\n\n\n\n<p>Cabe se\u00f1alar que esta conferencia es la cuarta de las siete que se tienen programadas como parte de las actividades del Bicentenario de la Constituci\u00f3n Pol\u00edtica del Estado Libre y Soberano de Puebla, donde se ha contado con la participaci\u00f3n de acad\u00e9micos, especialistas en derecho, historiadores y legisladores.<\/p>\n","protected":false},"excerpt":{"rendered":"<p>Con la finalidad de fortalecer la memoria hist\u00f3rica y la identidad c\u00edvica en la ciudadan\u00eda, en el Congreso del Estado se llev\u00f3 a cabo la inauguraci\u00f3n de la exposici\u00f3n: \u201cLas Constituciones del Estado Libre y Soberano de Puebla y el Federalismo\u201d. Durante este evento que se realiz\u00f3 en el marco del Bicentenario de la Constituci\u00f3n [&hellip;]<\/p>\n","protected":false},"author":4,"featured_media":64775,"comment_status":"open","ping_status":"open","sticky":false,"template":"","format":"standard","meta":{"om_disable_all_campaigns":false,"_monsterinsights_skip_tracking":false,"_monsterinsights_sitenote_active":false,"_monsterinsights_sitenote_note":"","_monsterinsights_sitenote_category":0,"footnotes":""},"categories":[175],"tags":[227,223],"class_list":["post-64774","post","type-post","status-publish","format-standard","has-post-thumbnail","hentry","category-local","tag-congreso","tag-puebla"],"amp_enabled":true,"_links":{"self":[{"href":"https:\/\/lahora.mx\/index.php\/wp-json\/wp\/v2\/posts\/64774","targetHints":{"allow":["GET"]}}],"collection":[{"href":"https:\/\/lahora.mx\/index.php\/wp-json\/wp\/v2\/posts"}],"about":[{"href":"https:\/\/lahora.mx\/index.php\/wp-json\/wp\/v2\/types\/post"}],"author":[{"embeddable":true,"href":"https:\/\/lahora.mx\/index.php\/wp-json\/wp\/v2\/users\/4"}],"replies":[{"embeddable":true,"href":"https:\/\/lahora.mx\/index.php\/wp-json\/wp\/v2\/comments?post=64774"}],"version-history":[{"count":1,"href":"https:\/\/lahora.mx\/index.php\/wp-json\/wp\/v2\/posts\/64774\/revisions"}],"predecessor-version":[{"id":64776,"href":"https:\/\/lahora.mx\/index.php\/wp-json\/wp\/v2\/posts\/64774\/revisions\/64776"}],"wp:featuredmedia":[{"embeddable":true,"href":"https:\/\/lahora.mx\/index.php\/wp-json\/wp\/v2\/media\/64775"}],"wp:attachment":[{"href":"https:\/\/lahora.mx\/index.php\/wp-json\/wp\/v2\/media?parent=64774"}],"wp:term":[{"taxonomy":"category","embeddable":true,"href":"https:\/\/lahora.mx\/index.php\/wp-json\/wp\/v2\/categories?post=64774"},{"taxonomy":"post_tag","embeddable":true,"href":"https:\/\/lahora.mx\/index.php\/wp-json\/wp\/v2\/tags?post=64774"}],"curies":[{"name":"wp","href":"https:\/\/api.w.org\/{rel}","templated":true}]}}